{"id":184305,"date":"2025-11-07T12:49:30","date_gmt":"2025-11-07T18:49:30","guid":{"rendered":"https:\/\/canal7slp.tv\/2026\/?p=184305"},"modified":"2025-11-07T12:49:30","modified_gmt":"2025-11-07T18:49:30","slug":"mexico-frustra-atentado-contra-embajadora-de-israel","status":"publish","type":"post","link":"https:\/\/canal7slp.tv\/2026\/mexico-frustra-atentado-contra-embajadora-de-israel\/","title":{"rendered":"M\u00e9xico frustra atentado contra embajadora de Israel"},"content":{"rendered":"<ul style=\"text-align: justify;\">\n<li>Tel Aviv acusa a Ir\u00e1n de planear el ataque.<\/li>\n<\/ul>\n<p style=\"text-align: justify;\">Ciudad de M\u00e9xico.- El Ministerio de Exteriores de Israel inform\u00f3 que servicios de seguridad mexicanos desarticularon una presunta red que planeaba atentar contra la embajadora israel\u00ed en M\u00e9xico, Einat Kranz-Neiger. En un comunicado oficial, la dependencia israel\u00ed atribuye la autor\u00eda intelectual del plan a Ir\u00e1n.<\/p>\n<p style=\"text-align: justify;\">Seg\u00fan el gobierno israel\u00ed, el intento de asesinato fue frustrado durante el verano, aunque los preparativos se habr\u00edan iniciado a finales de 2024. Fuentes citadas por medios internacionales, entre ellas funcionarios estadounidenses, se\u00f1alaron que la operaci\u00f3n habr\u00eda sido coordinada por una unidad de la Guardia Revolucionaria iran\u00ed.<\/p>\n<p style=\"text-align: justify;\">El comunicado a\u00f1ade que Israel agradece la cooperaci\u00f3n de las autoridades mexicanas por su intervenci\u00f3n oportuna y subraya que sus agencias de seguridad \u201ccontinuar\u00e1n trabajando incansablemente para frustrar las amenazas terroristas de Ir\u00e1n y sus aliados\u201d.<\/p>\n","protected":false},"excerpt":{"rendered":"<p>Tel Aviv acusa a Ir\u00e1n de planear el ataque. Ciudad de M\u00e9xico.- El Ministerio de Exteriores de Israel inform\u00f3 que servicios de seguridad mexicanos desarticularon una presunta red que planeaba atentar contra la embajadora israel\u00ed en M\u00e9xico, Einat Kranz-Neiger. En un comunicado oficial, la dependencia israel\u00ed atribuye la autor\u00eda intelectual del plan a Ir\u00e1n. Seg\u00fan el gobierno israel\u00ed, el intento de asesinato fue frustrado durante el verano, aunque los preparativos se habr\u00edan iniciado a finales de 2024. Fuentes citadas por medios internacionales, entre ellas funcionarios estadounidenses, se\u00f1alaron que la operaci\u00f3n habr\u00eda sido coordinada por una unidad de la Guardia Revolucionaria [&hellip;]<\/p>\n","protected":false},"author":2,"featured_media":184306,"comment_status":"closed","ping_status":"closed","sticky":false,"template":"","format":"standard","meta":{"_monsterinsights_skip_tracking":false,"_monsterinsights_sitenote_active":false,"_monsterinsights_sitenote_note":"","_monsterinsights_sitenote_category":0,"footnotes":""},"categories":[44,46],"tags":[],"class_list":["post-184305","post","type-post","status-publish","format-standard","has-post-thumbnail","hentry","category-internacional","category-nacional","post--single"],"_links":{"self":[{"href":"https:\/\/canal7slp.tv\/2026\/wp-json\/wp\/v2\/posts\/184305","targetHints":{"allow":["GET"]}}],"collection":[{"href":"https:\/\/canal7slp.tv\/2026\/wp-json\/wp\/v2\/posts"}],"about":[{"href":"https:\/\/canal7slp.tv\/2026\/wp-json\/wp\/v2\/types\/post"}],"author":[{"embeddable":true,"href":"https:\/\/canal7slp.tv\/2026\/wp-json\/wp\/v2\/users\/2"}],"replies":[{"embeddable":true,"href":"https:\/\/canal7slp.tv\/2026\/wp-json\/wp\/v2\/comments?post=184305"}],"version-history":[{"count":1,"href":"https:\/\/canal7slp.tv\/2026\/wp-json\/wp\/v2\/posts\/184305\/revisions"}],"predecessor-version":[{"id":184307,"href":"https:\/\/canal7slp.tv\/2026\/wp-json\/wp\/v2\/posts\/184305\/revisions\/184307"}],"wp:featuredmedia":[{"embeddable":true,"href":"https:\/\/canal7slp.tv\/2026\/wp-json\/wp\/v2\/media\/184306"}],"wp:attachment":[{"href":"https:\/\/canal7slp.tv\/2026\/wp-json\/wp\/v2\/media?parent=184305"}],"wp:term":[{"taxonomy":"category","embeddable":true,"href":"https:\/\/canal7slp.tv\/2026\/wp-json\/wp\/v2\/categories?post=184305"},{"taxonomy":"post_tag","embeddable":true,"href":"https:\/\/canal7slp.tv\/2026\/wp-json\/wp\/v2\/tags?post=184305"}],"curies":[{"name":"wp","href":"https:\/\/api.w.org\/{rel}","templated":true}]}}