{"id":184302,"date":"2025-11-07T12:41:01","date_gmt":"2025-11-07T18:41:01","guid":{"rendered":"https:\/\/canal7slp.tv\/2026\/?p=184302"},"modified":"2025-11-07T12:41:01","modified_gmt":"2025-11-07T18:41:01","slug":"claudia-sheinbaum-recibe-a-emmanuel-macron-en-palacio-nacional-para-reforzar-la-relacion-mexico-francia","status":"publish","type":"post","link":"https:\/\/canal7slp.tv\/2026\/claudia-sheinbaum-recibe-a-emmanuel-macron-en-palacio-nacional-para-reforzar-la-relacion-mexico-francia\/","title":{"rendered":"Claudia Sheinbaum recibe a Emmanuel Macron en Palacio Nacional para reforzar la relaci\u00f3n M\u00e9xico\u2013Francia"},"content":{"rendered":"<p style=\"text-align: justify;\">\n<p style=\"text-align: justify;\">Ciudad de M\u00e9xico.- La presidenta de M\u00e9xico, Claudia Sheinbaum, recibi\u00f3 este viernes 7 de noviembre al presidente de Francia, Emmanuel Macron, en una visita oficial destinada a fortalecer las relaciones bilaterales entre ambos pa\u00edses.<\/p>\n<p style=\"text-align: justify;\">La ceremonia de bienvenida se llev\u00f3 a cabo en el Palacio Nacional, donde se entonaron los himnos nacionales de M\u00e9xico y Francia. Se trata de la primera visita de un jefe de Estado europeo desde que Sheinbaum asumi\u00f3 la presidencia en octubre de 2024.<\/p>\n<p style=\"text-align: justify;\">La agenda contempla una reuni\u00f3n privada entre ambos mandatarios, un encuentro con miembros del gabinete federal y una sesi\u00f3n con representantes del sector empresarial. Posteriormente, ofrecer\u00e1n una conferencia de prensa conjunta, en la que se prev\u00e9 que aborden temas de cooperaci\u00f3n econ\u00f3mica, comercial, cultural y medioambiental.<\/p>\n<p style=\"text-align: justify;\">Uno de los puntos m\u00e1s relevantes ser\u00e1 la creaci\u00f3n de una comisi\u00f3n binacional enfocada en la recuperaci\u00f3n de c\u00f3dices hist\u00f3ricos mexicanos resguardados en instituciones francesas, entre ellos el C\u00f3dice Azcatitl\u00e1n y el C\u00f3dice Borb\u00f3nico.<\/p>\n<p style=\"text-align: justify;\">Cabe se\u00f1alar, que la visita de Macron se desarrolla en el marco de los preparativos para el bicentenario del establecimiento de relaciones diplom\u00e1ticas entre M\u00e9xico y Francia, que se celebrar\u00e1 en 2030.<\/p>\n","protected":false},"excerpt":{"rendered":"<p>Ciudad de M\u00e9xico.- La presidenta de M\u00e9xico, Claudia Sheinbaum, recibi\u00f3 este viernes 7 de noviembre al presidente de Francia, Emmanuel Macron, en una visita oficial destinada a fortalecer las relaciones bilaterales entre ambos pa\u00edses. La ceremonia de bienvenida se llev\u00f3 a cabo en el Palacio Nacional, donde se entonaron los himnos nacionales de M\u00e9xico y Francia. Se trata de la primera visita de un jefe de Estado europeo desde que Sheinbaum asumi\u00f3 la presidencia en octubre de 2024. La agenda contempla una reuni\u00f3n privada entre ambos mandatarios, un encuentro con miembros del gabinete federal y una sesi\u00f3n con representantes del [&hellip;]<\/p>\n","protected":false},"author":2,"featured_media":184303,"comment_status":"closed","ping_status":"closed","sticky":false,"template":"","format":"standard","meta":{"_monsterinsights_skip_tracking":false,"_monsterinsights_sitenote_active":false,"_monsterinsights_sitenote_note":"","_monsterinsights_sitenote_category":0,"footnotes":""},"categories":[46],"tags":[],"class_list":["post-184302","post","type-post","status-publish","format-standard","has-post-thumbnail","hentry","category-nacional","post--single"],"_links":{"self":[{"href":"https:\/\/canal7slp.tv\/2026\/wp-json\/wp\/v2\/posts\/184302","targetHints":{"allow":["GET"]}}],"collection":[{"href":"https:\/\/canal7slp.tv\/2026\/wp-json\/wp\/v2\/posts"}],"about":[{"href":"https:\/\/canal7slp.tv\/2026\/wp-json\/wp\/v2\/types\/post"}],"author":[{"embeddable":true,"href":"https:\/\/canal7slp.tv\/2026\/wp-json\/wp\/v2\/users\/2"}],"replies":[{"embeddable":true,"href":"https:\/\/canal7slp.tv\/2026\/wp-json\/wp\/v2\/comments?post=184302"}],"version-history":[{"count":1,"href":"https:\/\/canal7slp.tv\/2026\/wp-json\/wp\/v2\/posts\/184302\/revisions"}],"predecessor-version":[{"id":184304,"href":"https:\/\/canal7slp.tv\/2026\/wp-json\/wp\/v2\/posts\/184302\/revisions\/184304"}],"wp:featuredmedia":[{"embeddable":true,"href":"https:\/\/canal7slp.tv\/2026\/wp-json\/wp\/v2\/media\/184303"}],"wp:attachment":[{"href":"https:\/\/canal7slp.tv\/2026\/wp-json\/wp\/v2\/media?parent=184302"}],"wp:term":[{"taxonomy":"category","embeddable":true,"href":"https:\/\/canal7slp.tv\/2026\/wp-json\/wp\/v2\/categories?post=184302"},{"taxonomy":"post_tag","embeddable":true,"href":"https:\/\/canal7slp.tv\/2026\/wp-json\/wp\/v2\/tags?post=184302"}],"curies":[{"name":"wp","href":"https:\/\/api.w.org\/{rel}","templated":true}]}}