{"id":184244,"date":"2025-11-06T20:02:28","date_gmt":"2025-11-07T02:02:28","guid":{"rendered":"https:\/\/canal7slp.tv\/2026\/?p=184244"},"modified":"2025-11-06T20:02:28","modified_gmt":"2025-11-07T02:02:28","slug":"por-temporada-de-fin-de-ano-se-espera-la-llegada-de-aproximadamente-10-mil-migrantes-potosinos","status":"publish","type":"post","link":"https:\/\/canal7slp.tv\/2026\/por-temporada-de-fin-de-ano-se-espera-la-llegada-de-aproximadamente-10-mil-migrantes-potosinos\/","title":{"rendered":"Por temporada de fin de a\u00f1o, se espera la llegada de aproximadamente 10 mil migrantes potosinos"},"content":{"rendered":"<p style=\"text-align: justify;\"><span style=\"font-size: 1.21429rem;\">SLP.- A pesar de las duras pol\u00edticas migratorias del presidente norteamericano Donald Trump las expectativas que se tienen es que una gran mayor\u00eda de connacionales arribar\u00e1n a territorio potosino, a pasar la temporada de fin de a\u00f1o el pr\u00f3ximo mes de Diciembre.<\/span><\/p>\n<p style=\"text-align: justify;\">As\u00ed lo manifest\u00f3 el director del Instituto de Migraci\u00f3n y Enlace Internacional Enrique Hern\u00e1ndez Segura al decir el funcionario estatal, que se har\u00e1 labor de acompa\u00f1amiento institucional para un traslado y arribo seguro a sus lugares de origen<\/p>\n<p style=\"text-align: justify;\">Al reiterar que el flujo de migrantes se mantendr\u00e1 al igual que el a\u00f1o pasado el funcionario estatal coment\u00f3 que la mayor\u00eda de los potosinos que llegan del vecino pa\u00eds del norte, en su mayor\u00eda son de la Zona Media y del Altiplano.<\/p>\n<p style=\"text-align: justify;\">Dijo tambi\u00e9n que desde este mes de Noviembre ya se est\u00e1n organizando las caravanas en coordinaci\u00f3n con los clubs de migrantes que existen en los Estados Unidos.<\/p>\n<p style=\"text-align: justify;\">Por: Claudio Ibarra<\/p>\n","protected":false},"excerpt":{"rendered":"<p>SLP.- A pesar de las duras pol\u00edticas migratorias del presidente norteamericano Donald Trump las expectativas que se tienen es que una gran mayor\u00eda de connacionales arribar\u00e1n a territorio potosino, a pasar la temporada de fin de a\u00f1o el pr\u00f3ximo mes de Diciembre. As\u00ed lo manifest\u00f3 el director del Instituto de Migraci\u00f3n y Enlace Internacional Enrique Hern\u00e1ndez Segura al decir el funcionario estatal, que se har\u00e1 labor de acompa\u00f1amiento institucional para un traslado y arribo seguro a sus lugares de origen Al reiterar que el flujo de migrantes se mantendr\u00e1 al igual que el a\u00f1o pasado el funcionario estatal coment\u00f3 que [&hellip;]<\/p>\n","protected":false},"author":2,"featured_media":184279,"comment_status":"closed","ping_status":"closed","sticky":false,"template":"","format":"video","meta":{"_monsterinsights_skip_tracking":false,"_monsterinsights_sitenote_active":false,"_monsterinsights_sitenote_note":"","_monsterinsights_sitenote_category":0,"footnotes":""},"categories":[5,45],"tags":[],"class_list":["post-184244","post","type-post","status-publish","format-video","has-post-thumbnail","hentry","category-destacadas","category-localesyregionales","post_format-post-format-video","post--single"],"_links":{"self":[{"href":"https:\/\/canal7slp.tv\/2026\/wp-json\/wp\/v2\/posts\/184244","targetHints":{"allow":["GET"]}}],"collection":[{"href":"https:\/\/canal7slp.tv\/2026\/wp-json\/wp\/v2\/posts"}],"about":[{"href":"https:\/\/canal7slp.tv\/2026\/wp-json\/wp\/v2\/types\/post"}],"author":[{"embeddable":true,"href":"https:\/\/canal7slp.tv\/2026\/wp-json\/wp\/v2\/users\/2"}],"replies":[{"embeddable":true,"href":"https:\/\/canal7slp.tv\/2026\/wp-json\/wp\/v2\/comments?post=184244"}],"version-history":[{"count":2,"href":"https:\/\/canal7slp.tv\/2026\/wp-json\/wp\/v2\/posts\/184244\/revisions"}],"predecessor-version":[{"id":184280,"href":"https:\/\/canal7slp.tv\/2026\/wp-json\/wp\/v2\/posts\/184244\/revisions\/184280"}],"wp:featuredmedia":[{"embeddable":true,"href":"https:\/\/canal7slp.tv\/2026\/wp-json\/wp\/v2\/media\/184279"}],"wp:attachment":[{"href":"https:\/\/canal7slp.tv\/2026\/wp-json\/wp\/v2\/media?parent=184244"}],"wp:term":[{"taxonomy":"category","embeddable":true,"href":"https:\/\/canal7slp.tv\/2026\/wp-json\/wp\/v2\/categories?post=184244"},{"taxonomy":"post_tag","embeddable":true,"href":"https:\/\/canal7slp.tv\/2026\/wp-json\/wp\/v2\/tags?post=184244"}],"curies":[{"name":"wp","href":"https:\/\/api.w.org\/{rel}","templated":true}]}}