{"id":184243,"date":"2025-11-06T19:58:26","date_gmt":"2025-11-07T01:58:26","guid":{"rendered":"https:\/\/canal7slp.tv\/2026\/?p=184243"},"modified":"2025-11-06T19:58:26","modified_gmt":"2025-11-07T01:58:26","slug":"menos-del-uno-por-ciento-de-los-conductores-del-transporte-publico-son-mujeres","status":"publish","type":"post","link":"https:\/\/canal7slp.tv\/2026\/menos-del-uno-por-ciento-de-los-conductores-del-transporte-publico-son-mujeres\/","title":{"rendered":"Menos del uno por ciento de los conductores del transporte p\u00fablico son mujeres"},"content":{"rendered":"<p style=\"text-align: justify;\"><span style=\"font-size: 1.21429rem;\">SLP.- Menos del uno por ciento de los conductores del transporte p\u00fablico son mujeres ya sea en la modalidad del taxismo \u00f3 en la del transporte urbano.<\/span><\/p>\n<p style=\"text-align: justify;\">Lo anterior lo dio a conocer la titular de la secretar\u00eda de Comunicaciones y Transportes del gobierno del estado Araceli Mart\u00ednez Acosta, al reconocer que en la \u00faltima convocatoria para la adjudicaci\u00f3n de t\u00edtulos de concesi\u00f3n no se hizo bajo el principio de equidad de g\u00e9nero.<\/p>\n<p style=\"text-align: justify;\">La funcionaria estatal asegur\u00f3 que para la pr\u00f3xima convocatoria se tendr\u00e1 en cuente este principio de paridad de g\u00e9nero, al afirmar que la dependencia a su cargo, promueve el empleo al volante para las mujeres.<\/p>\n<p style=\"text-align: justify;\">En este contexto, reiter\u00f3 en el transporte p\u00fablico es m\u00ednimo el n\u00famero de mujeres operadores de unidades en comparaci\u00f3n con los conductores.<\/p>\n<p style=\"text-align: justify;\">Por: Claudio Ibarra<\/p>\n","protected":false},"excerpt":{"rendered":"<p>SLP.- Menos del uno por ciento de los conductores del transporte p\u00fablico son mujeres ya sea en la modalidad del taxismo \u00f3 en la del transporte urbano. Lo anterior lo dio a conocer la titular de la secretar\u00eda de Comunicaciones y Transportes del gobierno del estado Araceli Mart\u00ednez Acosta, al reconocer que en la \u00faltima convocatoria para la adjudicaci\u00f3n de t\u00edtulos de concesi\u00f3n no se hizo bajo el principio de equidad de g\u00e9nero. La funcionaria estatal asegur\u00f3 que para la pr\u00f3xima convocatoria se tendr\u00e1 en cuente este principio de paridad de g\u00e9nero, al afirmar que la dependencia a su cargo, [&hellip;]<\/p>\n","protected":false},"author":2,"featured_media":184276,"comment_status":"closed","ping_status":"closed","sticky":false,"template":"","format":"video","meta":{"_monsterinsights_skip_tracking":false,"_monsterinsights_sitenote_active":false,"_monsterinsights_sitenote_note":"","_monsterinsights_sitenote_category":0,"footnotes":""},"categories":[5,510,45],"tags":[],"class_list":["post-184243","post","type-post","status-publish","format-video","has-post-thumbnail","hentry","category-destacadas","category-gobedoslp","category-localesyregionales","post_format-post-format-video","post--single"],"_links":{"self":[{"href":"https:\/\/canal7slp.tv\/2026\/wp-json\/wp\/v2\/posts\/184243","targetHints":{"allow":["GET"]}}],"collection":[{"href":"https:\/\/canal7slp.tv\/2026\/wp-json\/wp\/v2\/posts"}],"about":[{"href":"https:\/\/canal7slp.tv\/2026\/wp-json\/wp\/v2\/types\/post"}],"author":[{"embeddable":true,"href":"https:\/\/canal7slp.tv\/2026\/wp-json\/wp\/v2\/users\/2"}],"replies":[{"embeddable":true,"href":"https:\/\/canal7slp.tv\/2026\/wp-json\/wp\/v2\/comments?post=184243"}],"version-history":[{"count":2,"href":"https:\/\/canal7slp.tv\/2026\/wp-json\/wp\/v2\/posts\/184243\/revisions"}],"predecessor-version":[{"id":184277,"href":"https:\/\/canal7slp.tv\/2026\/wp-json\/wp\/v2\/posts\/184243\/revisions\/184277"}],"wp:featuredmedia":[{"embeddable":true,"href":"https:\/\/canal7slp.tv\/2026\/wp-json\/wp\/v2\/media\/184276"}],"wp:attachment":[{"href":"https:\/\/canal7slp.tv\/2026\/wp-json\/wp\/v2\/media?parent=184243"}],"wp:term":[{"taxonomy":"category","embeddable":true,"href":"https:\/\/canal7slp.tv\/2026\/wp-json\/wp\/v2\/categories?post=184243"},{"taxonomy":"post_tag","embeddable":true,"href":"https:\/\/canal7slp.tv\/2026\/wp-json\/wp\/v2\/tags?post=184243"}],"curies":[{"name":"wp","href":"https:\/\/api.w.org\/{rel}","templated":true}]}}