{"id":184241,"date":"2025-11-06T19:49:00","date_gmt":"2025-11-07T01:49:00","guid":{"rendered":"https:\/\/canal7slp.tv\/2026\/?p=184241"},"modified":"2025-11-06T19:49:00","modified_gmt":"2025-11-07T01:49:00","slug":"feria-de-la-inclusion-ofertara-200-vacantes-para-personas-con-discapacidad","status":"publish","type":"post","link":"https:\/\/canal7slp.tv\/2026\/feria-de-la-inclusion-ofertara-200-vacantes-para-personas-con-discapacidad\/","title":{"rendered":"Feria de la Inclusi\u00f3n ofertar\u00e1 200 vacantes para personas con discapacidad"},"content":{"rendered":"<p style=\"text-align: justify;\"><span style=\"font-size: 1.21429rem;\">SGS.- El ayuntamiento de Soledad de Graciano S\u00e1nchez anunci\u00f3 y convoc\u00f3 a la Segunda Jornada de Inclusi\u00f3n Laboral, que se llevar\u00e1 a cabo el pr\u00f3ximo 14 de Noviembre.<\/span><\/p>\n<p style=\"text-align: justify;\">En un horario de 8 de la ma\u00f1ana a las dos de la tarde en el Teatro \u201cDoroteo Arango\u201d se ofertar\u00e1n 200 vacantes para personas con discapacidad y de la tercera edad.<\/p>\n<p style=\"text-align: justify;\">En esta Feria de la Inclusi\u00f3n Laboral participan adem\u00e1s del municipio soledense 20 empresas locales ofertantes y una asociaci\u00f3n civil.<\/p>\n<p style=\"text-align: justify;\">Asimismo, se hizo \u00e9nfasis en que las personas mayores de 18 a\u00f1os con alg\u00fan tipo de discapacidad tambi\u00e9n tendr\u00e1n la oportunidad de entrevistarse directamente con las empresas.<\/p>\n<p style=\"text-align: justify;\">Por: Claudio Ibarra<\/p>\n","protected":false},"excerpt":{"rendered":"<p>SGS.- El ayuntamiento de Soledad de Graciano S\u00e1nchez anunci\u00f3 y convoc\u00f3 a la Segunda Jornada de Inclusi\u00f3n Laboral, que se llevar\u00e1 a cabo el pr\u00f3ximo 14 de Noviembre. En un horario de 8 de la ma\u00f1ana a las dos de la tarde en el Teatro \u201cDoroteo Arango\u201d se ofertar\u00e1n 200 vacantes para personas con discapacidad y de la tercera edad. En esta Feria de la Inclusi\u00f3n Laboral participan adem\u00e1s del municipio soledense 20 empresas locales ofertantes y una asociaci\u00f3n civil. Asimismo, se hizo \u00e9nfasis en que las personas mayores de 18 a\u00f1os con alg\u00fan tipo de discapacidad tambi\u00e9n tendr\u00e1n la [&hellip;]<\/p>\n","protected":false},"author":2,"featured_media":184270,"comment_status":"closed","ping_status":"closed","sticky":false,"template":"","format":"video","meta":{"_monsterinsights_skip_tracking":false,"_monsterinsights_sitenote_active":false,"_monsterinsights_sitenote_note":"","_monsterinsights_sitenote_category":0,"footnotes":""},"categories":[512,5,45],"tags":[],"class_list":["post-184241","post","type-post","status-publish","format-video","has-post-thumbnail","hentry","category-ayosgs","category-destacadas","category-localesyregionales","post_format-post-format-video","post--single"],"_links":{"self":[{"href":"https:\/\/canal7slp.tv\/2026\/wp-json\/wp\/v2\/posts\/184241","targetHints":{"allow":["GET"]}}],"collection":[{"href":"https:\/\/canal7slp.tv\/2026\/wp-json\/wp\/v2\/posts"}],"about":[{"href":"https:\/\/canal7slp.tv\/2026\/wp-json\/wp\/v2\/types\/post"}],"author":[{"embeddable":true,"href":"https:\/\/canal7slp.tv\/2026\/wp-json\/wp\/v2\/users\/2"}],"replies":[{"embeddable":true,"href":"https:\/\/canal7slp.tv\/2026\/wp-json\/wp\/v2\/comments?post=184241"}],"version-history":[{"count":3,"href":"https:\/\/canal7slp.tv\/2026\/wp-json\/wp\/v2\/posts\/184241\/revisions"}],"predecessor-version":[{"id":184271,"href":"https:\/\/canal7slp.tv\/2026\/wp-json\/wp\/v2\/posts\/184241\/revisions\/184271"}],"wp:featuredmedia":[{"embeddable":true,"href":"https:\/\/canal7slp.tv\/2026\/wp-json\/wp\/v2\/media\/184270"}],"wp:attachment":[{"href":"https:\/\/canal7slp.tv\/2026\/wp-json\/wp\/v2\/media?parent=184241"}],"wp:term":[{"taxonomy":"category","embeddable":true,"href":"https:\/\/canal7slp.tv\/2026\/wp-json\/wp\/v2\/categories?post=184241"},{"taxonomy":"post_tag","embeddable":true,"href":"https:\/\/canal7slp.tv\/2026\/wp-json\/wp\/v2\/tags?post=184241"}],"curies":[{"name":"wp","href":"https:\/\/api.w.org\/{rel}","templated":true}]}}