{"id":184230,"date":"2025-11-06T17:06:42","date_gmt":"2025-11-06T23:06:42","guid":{"rendered":"https:\/\/canal7slp.tv\/2026\/?p=184230"},"modified":"2025-11-06T17:06:42","modified_gmt":"2025-11-06T23:06:42","slug":"tribunal-supremo-de-bolivia-anula-condena-y-libera-a-expresidenta-jeanine-anez","status":"publish","type":"post","link":"https:\/\/canal7slp.tv\/2026\/tribunal-supremo-de-bolivia-anula-condena-y-libera-a-expresidenta-jeanine-anez\/","title":{"rendered":"Tribunal Supremo de Bolivia anula condena y libera a expresidenta Jeanine \u00c1\u00f1ez"},"content":{"rendered":"<p style=\"text-align: justify;\">\n<p style=\"text-align: justify;\">La Paz.- La expresidenta interina de Bolivia, Jeanine \u00c1\u00f1ez, recuper\u00f3 su libertad este jueves 6 de noviembre despu\u00e9s de que el Tribunal Supremo de Justicia anulara la sentencia de 10 a\u00f1os de prisi\u00f3n que cumpl\u00eda por los delitos de incumplimiento de deberes y resoluciones contrarias a la Constituci\u00f3n.<\/p>\n<p style=\"text-align: justify;\">\u00c1\u00f1ez sali\u00f3 del centro penitenciario de mujeres de Miraflores, en La Paz, donde permanec\u00eda recluida desde marzo de 2021. El fallo del m\u00e1ximo tribunal determin\u00f3 que su actuaci\u00f3n durante la crisis pol\u00edtica de 2019 estuvo \u00abamparada por un estado de necesidad constitucional orientado a preservar la continuidad institucional del Estado boliviano\u00bb.<\/p>\n<p style=\"text-align: justify;\">La exmandataria hab\u00eda asumido la presidencia en noviembre de 2019 tras la renuncia de Evo Morales, en medio de protestas que dejaron 37 fallecidos y despu\u00e9s de que la Organizaci\u00f3n de los Estados Americanos (OEA) se\u00f1alara irregularidades en los comicios presidenciales.<\/p>\n<p style=\"text-align: justify;\">Si bien el tribunal anul\u00f3 la condena, tambi\u00e9n orden\u00f3 que \u00c1\u00f1ez sea sometida a un juicio pol\u00edtico por las muertes ocurridas durante su gobierno, proceso que requerir\u00e1 la aprobaci\u00f3n de dos tercios de la Asamblea Legislativa Plurinacional.<\/p>\n","protected":false},"excerpt":{"rendered":"<p>La Paz.- La expresidenta interina de Bolivia, Jeanine \u00c1\u00f1ez, recuper\u00f3 su libertad este jueves 6 de noviembre despu\u00e9s de que el Tribunal Supremo de Justicia anulara la sentencia de 10 a\u00f1os de prisi\u00f3n que cumpl\u00eda por los delitos de incumplimiento de deberes y resoluciones contrarias a la Constituci\u00f3n. \u00c1\u00f1ez sali\u00f3 del centro penitenciario de mujeres de Miraflores, en La Paz, donde permanec\u00eda recluida desde marzo de 2021. El fallo del m\u00e1ximo tribunal determin\u00f3 que su actuaci\u00f3n durante la crisis pol\u00edtica de 2019 estuvo \u00abamparada por un estado de necesidad constitucional orientado a preservar la continuidad institucional del Estado boliviano\u00bb. La [&hellip;]<\/p>\n","protected":false},"author":2,"featured_media":184231,"comment_status":"closed","ping_status":"closed","sticky":false,"template":"","format":"standard","meta":{"_monsterinsights_skip_tracking":false,"_monsterinsights_sitenote_active":false,"_monsterinsights_sitenote_note":"","_monsterinsights_sitenote_category":0,"footnotes":""},"categories":[44],"tags":[],"class_list":["post-184230","post","type-post","status-publish","format-standard","has-post-thumbnail","hentry","category-internacional","post--single"],"_links":{"self":[{"href":"https:\/\/canal7slp.tv\/2026\/wp-json\/wp\/v2\/posts\/184230","targetHints":{"allow":["GET"]}}],"collection":[{"href":"https:\/\/canal7slp.tv\/2026\/wp-json\/wp\/v2\/posts"}],"about":[{"href":"https:\/\/canal7slp.tv\/2026\/wp-json\/wp\/v2\/types\/post"}],"author":[{"embeddable":true,"href":"https:\/\/canal7slp.tv\/2026\/wp-json\/wp\/v2\/users\/2"}],"replies":[{"embeddable":true,"href":"https:\/\/canal7slp.tv\/2026\/wp-json\/wp\/v2\/comments?post=184230"}],"version-history":[{"count":1,"href":"https:\/\/canal7slp.tv\/2026\/wp-json\/wp\/v2\/posts\/184230\/revisions"}],"predecessor-version":[{"id":184232,"href":"https:\/\/canal7slp.tv\/2026\/wp-json\/wp\/v2\/posts\/184230\/revisions\/184232"}],"wp:featuredmedia":[{"embeddable":true,"href":"https:\/\/canal7slp.tv\/2026\/wp-json\/wp\/v2\/media\/184231"}],"wp:attachment":[{"href":"https:\/\/canal7slp.tv\/2026\/wp-json\/wp\/v2\/media?parent=184230"}],"wp:term":[{"taxonomy":"category","embeddable":true,"href":"https:\/\/canal7slp.tv\/2026\/wp-json\/wp\/v2\/categories?post=184230"},{"taxonomy":"post_tag","embeddable":true,"href":"https:\/\/canal7slp.tv\/2026\/wp-json\/wp\/v2\/tags?post=184230"}],"curies":[{"name":"wp","href":"https:\/\/api.w.org\/{rel}","templated":true}]}}