{"id":184210,"date":"2025-11-06T15:11:25","date_gmt":"2025-11-06T21:11:25","guid":{"rendered":"https:\/\/canal7slp.tv\/2026\/?p=184210"},"modified":"2025-11-06T15:11:25","modified_gmt":"2025-11-06T21:11:25","slug":"cordero-y-hernandez-con-complicaciones-en-el-rally-charlevoix","status":"publish","type":"post","link":"https:\/\/canal7slp.tv\/2026\/cordero-y-hernandez-con-complicaciones-en-el-rally-charlevoix\/","title":{"rendered":"Cordero y Hern\u00e1ndez con complicaciones en el Rally Charlevoix"},"content":{"rendered":"<p style=\"text-align: justify;\">SLP.- Culmin\u00f3 la edici\u00f3n 2025 del Rally Charlevoix; con un clima fr\u00edo y lluvioso en donde m\u00e1s de 30 tripulaciones se dieron cita en los caminos de la localidad de La Malbaie para enfrentar esta dura prueba de exigencia y velocidad.<\/p>\n<p style=\"text-align: justify;\">En punto de las 07:00 hrs se hizo la arrancada oficial del rally el cual comprendi\u00f3 20 etapas cronometradas divididas en 3 d\u00edas.<\/p>\n<p style=\"text-align: justify;\">Cordero y Hern\u00e1ndez r\u00e1pidamente tomaron la punta y terminaron el d\u00eda siendo l\u00edderes, sin embargo los problemas se presentaron en la segunda jornada en donde la caja de cambios fall\u00f3 dejando a Cordero y Hern\u00e1ndez sin completar 3 tramos, logrando repararla a tiempo para continuar con los dem\u00e1s tramos del rally.<\/p>\n<p style=\"text-align: justify;\">Al finalizarlo lograron afianzarse en el noveno lugar general a tan solo 16 segundos del primer lugar, lo cual significo mucho para la dupla rallistica puesto que a pesar de la falla lograron rescatar puntos importantes para el campeonato, al final se adjudicaron el top 10 de la competencia.<\/p>\n<p style=\"text-align: justify;\">El fin de la temporada rallistica est\u00e1 a la vuelta de la esquina en donde Cordero y Hern\u00e1ndez har\u00e1n la matem\u00e1tica para las \u00faltimas 3 fechas de temporada: 2 del campeonato en Canad\u00e1; Tall Pines y Big White, una m\u00e1s que es el cierre del CMR en Colima, en donde Cordero y Hern\u00e1ndez tambi\u00e9n son l\u00edderes y est\u00e1n luchando por obtener ese t\u00edtulo.<\/p>\n","protected":false},"excerpt":{"rendered":"<p>SLP.- Culmin\u00f3 la edici\u00f3n 2025 del Rally Charlevoix; con un clima fr\u00edo y lluvioso en donde m\u00e1s de 30 tripulaciones se dieron cita en los caminos de la localidad de La Malbaie para enfrentar esta dura prueba de exigencia y velocidad. En punto de las 07:00 hrs se hizo la arrancada oficial del rally el cual comprendi\u00f3 20 etapas cronometradas divididas en 3 d\u00edas. Cordero y Hern\u00e1ndez r\u00e1pidamente tomaron la punta y terminaron el d\u00eda siendo l\u00edderes, sin embargo los problemas se presentaron en la segunda jornada en donde la caja de cambios fall\u00f3 dejando a Cordero y Hern\u00e1ndez sin [&hellip;]<\/p>\n","protected":false},"author":2,"featured_media":184212,"comment_status":"closed","ping_status":"closed","sticky":false,"template":"","format":"video","meta":{"_monsterinsights_skip_tracking":false,"_monsterinsights_sitenote_active":false,"_monsterinsights_sitenote_note":"","_monsterinsights_sitenote_category":0,"footnotes":""},"categories":[7,5],"tags":[],"class_list":["post-184210","post","type-post","status-publish","format-video","has-post-thumbnail","hentry","category-deportes","category-destacadas","post_format-post-format-video","post--single"],"_links":{"self":[{"href":"https:\/\/canal7slp.tv\/2026\/wp-json\/wp\/v2\/posts\/184210","targetHints":{"allow":["GET"]}}],"collection":[{"href":"https:\/\/canal7slp.tv\/2026\/wp-json\/wp\/v2\/posts"}],"about":[{"href":"https:\/\/canal7slp.tv\/2026\/wp-json\/wp\/v2\/types\/post"}],"author":[{"embeddable":true,"href":"https:\/\/canal7slp.tv\/2026\/wp-json\/wp\/v2\/users\/2"}],"replies":[{"embeddable":true,"href":"https:\/\/canal7slp.tv\/2026\/wp-json\/wp\/v2\/comments?post=184210"}],"version-history":[{"count":1,"href":"https:\/\/canal7slp.tv\/2026\/wp-json\/wp\/v2\/posts\/184210\/revisions"}],"predecessor-version":[{"id":184213,"href":"https:\/\/canal7slp.tv\/2026\/wp-json\/wp\/v2\/posts\/184210\/revisions\/184213"}],"wp:featuredmedia":[{"embeddable":true,"href":"https:\/\/canal7slp.tv\/2026\/wp-json\/wp\/v2\/media\/184212"}],"wp:attachment":[{"href":"https:\/\/canal7slp.tv\/2026\/wp-json\/wp\/v2\/media?parent=184210"}],"wp:term":[{"taxonomy":"category","embeddable":true,"href":"https:\/\/canal7slp.tv\/2026\/wp-json\/wp\/v2\/categories?post=184210"},{"taxonomy":"post_tag","embeddable":true,"href":"https:\/\/canal7slp.tv\/2026\/wp-json\/wp\/v2\/tags?post=184210"}],"curies":[{"name":"wp","href":"https:\/\/api.w.org\/{rel}","templated":true}]}}