{"id":184185,"date":"2025-11-06T13:20:33","date_gmt":"2025-11-06T19:20:33","guid":{"rendered":"https:\/\/canal7slp.tv\/2026\/?p=184185"},"modified":"2025-11-06T13:20:33","modified_gmt":"2025-11-06T19:20:33","slug":"fiscalia-de-michoacan-identifica-a-menor-de-17-anos-como-presunto-asesino-material-de-manzo-rodriguez","status":"publish","type":"post","link":"https:\/\/canal7slp.tv\/2026\/fiscalia-de-michoacan-identifica-a-menor-de-17-anos-como-presunto-asesino-material-de-manzo-rodriguez\/","title":{"rendered":"Fiscal\u00eda de Michoac\u00e1n identifica a menor de 17 a\u00f1os como presunto asesino material de Manzo Rodr\u00edguez"},"content":{"rendered":"<p style=\"text-align: justify;\">Morelia.- La Fiscal\u00eda de Michoac\u00e1n identific\u00f3 a V\u00edctor Manuel \u00abN\u00bb, de 17 a\u00f1os y originario del municipio de Paracho, como el presunto responsable material del homicidio de Carlos Alberto Manzo Rodr\u00edguez, alcalde de Uruapan.<\/p>\n<p style=\"text-align: justify;\">El fiscal estatal Carlos Torres inform\u00f3 que las investigaciones permitieron establecer la identidad del adolescente, lo que facilitar\u00e1 continuar con las pesquisas relacionadas con el caso.<\/p>\n<p style=\"text-align: justify;\">Seg\u00fan declaraciones del funcionario, se determin\u00f3 que en el ataque participaron \u00abm\u00e1s de dos personas\u00bb y que el homicidio guarda relaci\u00f3n con \u00abel crimen organizado\u00bb.<\/p>\n<p style=\"text-align: justify;\">Torres a\u00f1adi\u00f3 que, de acuerdo con testimonios de familiares, el joven se hab\u00eda ausentado de su domicilio una semana antes de los hechos y presentaba una adicci\u00f3n a las metanfetaminas, dato que coincide con los estudios periciales realizados.<\/p>\n","protected":false},"excerpt":{"rendered":"<p>Morelia.- La Fiscal\u00eda de Michoac\u00e1n identific\u00f3 a V\u00edctor Manuel \u00abN\u00bb, de 17 a\u00f1os y originario del municipio de Paracho, como el presunto responsable material del homicidio de Carlos Alberto Manzo Rodr\u00edguez, alcalde de Uruapan. El fiscal estatal Carlos Torres inform\u00f3 que las investigaciones permitieron establecer la identidad del adolescente, lo que facilitar\u00e1 continuar con las pesquisas relacionadas con el caso. Seg\u00fan declaraciones del funcionario, se determin\u00f3 que en el ataque participaron \u00abm\u00e1s de dos personas\u00bb y que el homicidio guarda relaci\u00f3n con \u00abel crimen organizado\u00bb. Torres a\u00f1adi\u00f3 que, de acuerdo con testimonios de familiares, el joven se hab\u00eda ausentado de [&hellip;]<\/p>\n","protected":false},"author":2,"featured_media":184186,"comment_status":"closed","ping_status":"closed","sticky":false,"template":"","format":"standard","meta":{"_monsterinsights_skip_tracking":false,"_monsterinsights_sitenote_active":false,"_monsterinsights_sitenote_note":"","_monsterinsights_sitenote_category":0,"footnotes":""},"categories":[46],"tags":[],"class_list":["post-184185","post","type-post","status-publish","format-standard","has-post-thumbnail","hentry","category-nacional","post--single"],"_links":{"self":[{"href":"https:\/\/canal7slp.tv\/2026\/wp-json\/wp\/v2\/posts\/184185","targetHints":{"allow":["GET"]}}],"collection":[{"href":"https:\/\/canal7slp.tv\/2026\/wp-json\/wp\/v2\/posts"}],"about":[{"href":"https:\/\/canal7slp.tv\/2026\/wp-json\/wp\/v2\/types\/post"}],"author":[{"embeddable":true,"href":"https:\/\/canal7slp.tv\/2026\/wp-json\/wp\/v2\/users\/2"}],"replies":[{"embeddable":true,"href":"https:\/\/canal7slp.tv\/2026\/wp-json\/wp\/v2\/comments?post=184185"}],"version-history":[{"count":1,"href":"https:\/\/canal7slp.tv\/2026\/wp-json\/wp\/v2\/posts\/184185\/revisions"}],"predecessor-version":[{"id":184187,"href":"https:\/\/canal7slp.tv\/2026\/wp-json\/wp\/v2\/posts\/184185\/revisions\/184187"}],"wp:featuredmedia":[{"embeddable":true,"href":"https:\/\/canal7slp.tv\/2026\/wp-json\/wp\/v2\/media\/184186"}],"wp:attachment":[{"href":"https:\/\/canal7slp.tv\/2026\/wp-json\/wp\/v2\/media?parent=184185"}],"wp:term":[{"taxonomy":"category","embeddable":true,"href":"https:\/\/canal7slp.tv\/2026\/wp-json\/wp\/v2\/categories?post=184185"},{"taxonomy":"post_tag","embeddable":true,"href":"https:\/\/canal7slp.tv\/2026\/wp-json\/wp\/v2\/tags?post=184185"}],"curies":[{"name":"wp","href":"https:\/\/api.w.org\/{rel}","templated":true}]}}