{"id":184147,"date":"2025-11-05T19:08:32","date_gmt":"2025-11-06T01:08:32","guid":{"rendered":"https:\/\/canal7slp.tv\/2026\/?p=184147"},"modified":"2025-12-10T08:48:51","modified_gmt":"2025-12-10T14:48:51","slug":"condena-la-iglesia-crimen-del-alcalde-de-uruapan-carlos-manzo","status":"publish","type":"post","link":"https:\/\/canal7slp.tv\/2026\/condena-la-iglesia-crimen-del-alcalde-de-uruapan-carlos-manzo\/","title":{"rendered":"Condena la Iglesia crimen del alcalde de Uruapan, Carlos Manzo"},"content":{"rendered":"<p style=\"text-align: justify;\"><span style=\"font-size: 1.21429rem;\">SLP.- Al leer un comunicado de la Conferencia del Episcopado Mexicano en donde fija su postura por el crimen del alcalde de Uruapan Carlos Alberto Manzo Rodr\u00edguez, el vocero de la Arquidi\u00f3cesis de San Luis Potos\u00ed Tom\u00e1s Cruz Perales afirm\u00f3 que al gobierno federal le est\u00e1 cayendo de golpe una realidad que duele y ante lo cual, dijo, debe haber una reacci\u00f3n inmediata.<\/span><\/p>\n<p style=\"text-align: justify;\">Al afirmar que hay manifiestos signos de hartazgo social el vocero del Arzobispado Potosino dijo que no se puede normalizar el crimen y la violencia, que un d\u00eda s\u00ed y otro tambi\u00e9n se vive en el pa\u00eds.<\/p>\n<p style=\"text-align: justify;\">Opin\u00f3 que el llamado Movimiento del Sombrero que deja el malogrado alcalde puede ser tomado como bandera por la paz y la justicia en M\u00e9xico.<\/p>\n<p style=\"text-align: justify;\">Por \u00faltimo, Cruz Perales critic\u00f3 a los actores y partidos pol\u00edticos que est\u00e1n sacando beneficio con el caso del alcalde Carlos Manzo.<\/p>\n<p style=\"text-align: justify;\">Por: Claudio Ibarra<\/p>\n","protected":false},"excerpt":{"rendered":"<p>SLP.- Al leer un comunicado de la Conferencia del Episcopado Mexicano en donde fija su postura por el crimen del alcalde de Uruapan Carlos Alberto Manzo Rodr\u00edguez, el vocero de la Arquidi\u00f3cesis de San Luis Potos\u00ed Tom\u00e1s Cruz Perales afirm\u00f3 que al gobierno federal le est\u00e1 cayendo de golpe una realidad que duele y ante lo cual, dijo, debe haber una reacci\u00f3n inmediata. Al afirmar que hay manifiestos signos de hartazgo social el vocero del Arzobispado Potosino dijo que no se puede normalizar el crimen y la violencia, que un d\u00eda s\u00ed y otro tambi\u00e9n se vive en el pa\u00eds. [&hellip;]<\/p>\n","protected":false},"author":2,"featured_media":184159,"comment_status":"closed","ping_status":"closed","sticky":false,"template":"","format":"video","meta":{"_monsterinsights_skip_tracking":false,"_monsterinsights_sitenote_active":false,"_monsterinsights_sitenote_note":"","_monsterinsights_sitenote_category":0,"footnotes":""},"categories":[5,519,45],"tags":[],"class_list":["post-184147","post","type-post","status-publish","format-video","has-post-thumbnail","hentry","category-destacadas","category-iglesia","category-localesyregionales","post_format-post-format-video","post--single"],"_links":{"self":[{"href":"https:\/\/canal7slp.tv\/2026\/wp-json\/wp\/v2\/posts\/184147","targetHints":{"allow":["GET"]}}],"collection":[{"href":"https:\/\/canal7slp.tv\/2026\/wp-json\/wp\/v2\/posts"}],"about":[{"href":"https:\/\/canal7slp.tv\/2026\/wp-json\/wp\/v2\/types\/post"}],"author":[{"embeddable":true,"href":"https:\/\/canal7slp.tv\/2026\/wp-json\/wp\/v2\/users\/2"}],"replies":[{"embeddable":true,"href":"https:\/\/canal7slp.tv\/2026\/wp-json\/wp\/v2\/comments?post=184147"}],"version-history":[{"count":2,"href":"https:\/\/canal7slp.tv\/2026\/wp-json\/wp\/v2\/posts\/184147\/revisions"}],"predecessor-version":[{"id":184160,"href":"https:\/\/canal7slp.tv\/2026\/wp-json\/wp\/v2\/posts\/184147\/revisions\/184160"}],"wp:featuredmedia":[{"embeddable":true,"href":"https:\/\/canal7slp.tv\/2026\/wp-json\/wp\/v2\/media\/184159"}],"wp:attachment":[{"href":"https:\/\/canal7slp.tv\/2026\/wp-json\/wp\/v2\/media?parent=184147"}],"wp:term":[{"taxonomy":"category","embeddable":true,"href":"https:\/\/canal7slp.tv\/2026\/wp-json\/wp\/v2\/categories?post=184147"},{"taxonomy":"post_tag","embeddable":true,"href":"https:\/\/canal7slp.tv\/2026\/wp-json\/wp\/v2\/tags?post=184147"}],"curies":[{"name":"wp","href":"https:\/\/api.w.org\/{rel}","templated":true}]}}