{"id":184125,"date":"2025-11-05T17:27:47","date_gmt":"2025-11-05T23:27:47","guid":{"rendered":"https:\/\/canal7slp.tv\/2026\/?p=184125"},"modified":"2025-11-05T17:27:47","modified_gmt":"2025-11-05T23:27:47","slug":"presidencia-busca-tipificar-el-acoso-como-delito-penal-en-todo-el-pais","status":"publish","type":"post","link":"https:\/\/canal7slp.tv\/2026\/presidencia-busca-tipificar-el-acoso-como-delito-penal-en-todo-el-pais\/","title":{"rendered":"Presidencia busca tipificar el acoso como delito penal en todo el pa\u00eds"},"content":{"rendered":"<p style=\"text-align: justify;\">M\u00e9xico.- La presidenta Claudia Sheinbaum anunci\u00f3 que su gobierno impulsar\u00e1 la tipificaci\u00f3n del acoso como delito penal en todas las entidades del pa\u00eds, con el prop\u00f3sito de garantizar el respeto y la seguridad de las mujeres en todos los espacios.<\/p>\n<p style=\"text-align: justify;\">Durante su conferencia matutina, la mandataria explic\u00f3 que actualmente el acoso solo est\u00e1 tipificado en la Ciudad de M\u00e9xico. Por ello, instruy\u00f3 a la titular de la Secretar\u00eda de las Mujeres, Citlali Hern\u00e1ndez Mora, a revisar los marcos legales estatales y promover su homologaci\u00f3n a nivel nacional.<\/p>\n<p style=\"text-align: justify;\">Sheinbaum se\u00f1al\u00f3 que esta iniciativa forma parte de una estrategia m\u00e1s amplia para erradicar las violencias contra las mujeres y subray\u00f3 que \u201cnuestro espacio personal nadie lo puede vulnerar\u201d, destacando que el \u00fanico consentimiento v\u00e1lido es el que se otorga de manera libre y expl\u00edcita.<\/p>\n<p style=\"text-align: justify;\">El anuncio ocurre tras un episodio de acoso callejero que la propia presidenta experiment\u00f3 recientemente y que fue denunciado formalmente ante las autoridades. Sheinbaum enfatiz\u00f3 que decidi\u00f3 presentar la denuncia \u201ccomo mujer y en solidaridad con todas las mexicanas que enfrentan esta situaci\u00f3n a diario\u201d.<\/p>\n","protected":false},"excerpt":{"rendered":"<p>M\u00e9xico.- La presidenta Claudia Sheinbaum anunci\u00f3 que su gobierno impulsar\u00e1 la tipificaci\u00f3n del acoso como delito penal en todas las entidades del pa\u00eds, con el prop\u00f3sito de garantizar el respeto y la seguridad de las mujeres en todos los espacios. Durante su conferencia matutina, la mandataria explic\u00f3 que actualmente el acoso solo est\u00e1 tipificado en la Ciudad de M\u00e9xico. Por ello, instruy\u00f3 a la titular de la Secretar\u00eda de las Mujeres, Citlali Hern\u00e1ndez Mora, a revisar los marcos legales estatales y promover su homologaci\u00f3n a nivel nacional. Sheinbaum se\u00f1al\u00f3 que esta iniciativa forma parte de una estrategia m\u00e1s amplia para [&hellip;]<\/p>\n","protected":false},"author":2,"featured_media":184126,"comment_status":"closed","ping_status":"closed","sticky":false,"template":"","format":"standard","meta":{"_monsterinsights_skip_tracking":false,"_monsterinsights_sitenote_active":false,"_monsterinsights_sitenote_note":"","_monsterinsights_sitenote_category":0,"footnotes":""},"categories":[46],"tags":[],"class_list":["post-184125","post","type-post","status-publish","format-standard","has-post-thumbnail","hentry","category-nacional","post--single"],"_links":{"self":[{"href":"https:\/\/canal7slp.tv\/2026\/wp-json\/wp\/v2\/posts\/184125","targetHints":{"allow":["GET"]}}],"collection":[{"href":"https:\/\/canal7slp.tv\/2026\/wp-json\/wp\/v2\/posts"}],"about":[{"href":"https:\/\/canal7slp.tv\/2026\/wp-json\/wp\/v2\/types\/post"}],"author":[{"embeddable":true,"href":"https:\/\/canal7slp.tv\/2026\/wp-json\/wp\/v2\/users\/2"}],"replies":[{"embeddable":true,"href":"https:\/\/canal7slp.tv\/2026\/wp-json\/wp\/v2\/comments?post=184125"}],"version-history":[{"count":1,"href":"https:\/\/canal7slp.tv\/2026\/wp-json\/wp\/v2\/posts\/184125\/revisions"}],"predecessor-version":[{"id":184127,"href":"https:\/\/canal7slp.tv\/2026\/wp-json\/wp\/v2\/posts\/184125\/revisions\/184127"}],"wp:featuredmedia":[{"embeddable":true,"href":"https:\/\/canal7slp.tv\/2026\/wp-json\/wp\/v2\/media\/184126"}],"wp:attachment":[{"href":"https:\/\/canal7slp.tv\/2026\/wp-json\/wp\/v2\/media?parent=184125"}],"wp:term":[{"taxonomy":"category","embeddable":true,"href":"https:\/\/canal7slp.tv\/2026\/wp-json\/wp\/v2\/categories?post=184125"},{"taxonomy":"post_tag","embeddable":true,"href":"https:\/\/canal7slp.tv\/2026\/wp-json\/wp\/v2\/tags?post=184125"}],"curies":[{"name":"wp","href":"https:\/\/api.w.org\/{rel}","templated":true}]}}