{"id":184092,"date":"2025-11-05T15:36:09","date_gmt":"2025-11-05T21:36:09","guid":{"rendered":"https:\/\/canal7slp.tv\/2026\/?p=184092"},"modified":"2025-11-05T15:36:09","modified_gmt":"2025-11-05T21:36:09","slug":"la-onu-morena-y-la-conago-condenan-el-acoso-sufrido-por-claudia-sheinbaum-durante-su-recorrido","status":"publish","type":"post","link":"https:\/\/canal7slp.tv\/2026\/la-onu-morena-y-la-conago-condenan-el-acoso-sufrido-por-claudia-sheinbaum-durante-su-recorrido\/","title":{"rendered":"La ONU, Morena y la Conago condenan el acoso sufrido por Claudia Sheinbaum durante su recorrido"},"content":{"rendered":"<p style=\"text-align: justify;\">M\u00e9xico.- Diversos organismos y figuras p\u00fablicas expresaron su rechazo al acoso sufrido por la presidenta de M\u00e9xico, Claudia Sheinbaum, durante su recorrido por el Centro Hist\u00f3rico de la Ciudad de M\u00e9xico.<\/p>\n<p style=\"text-align: justify;\">La Organizaci\u00f3n de las Naciones Unidas en M\u00e9xico manifest\u00f3 su solidaridad con la mandataria y llam\u00f3 a \u201cno normalizar ni minimizar\u201d la violencia contra las mujeres. En la misma l\u00ednea, ONU Mujeres subray\u00f3 que toda forma de acoso \u201ces una violaci\u00f3n de los derechos humanos y un delito que debe ser denunciado, sancionado y erradicado\u201d.<\/p>\n<p style=\"text-align: justify;\">Por su parte, el Comit\u00e9 Ejecutivo Nacional de Morena, encabezado por Luisa Mar\u00eda Alcalde, calific\u00f3 el hecho como \u201cuna agresi\u00f3n directa no solo hacia la primera mujer que encabeza el Poder Ejecutivo Nacional, sino hacia todas las mujeres de M\u00e9xico\u201d.<\/p>\n<p style=\"text-align: justify;\">A su vez, la Conferencia Nacional de Gobernadores (Conago) afirm\u00f3 que lo ocurrido representa \u201cun recordatorio doloroso\u201d de que las mujeres, incluso en posiciones de alta responsabilidad, contin\u00faan enfrentando distintas formas de violencia.<\/p>\n","protected":false},"excerpt":{"rendered":"<p>M\u00e9xico.- Diversos organismos y figuras p\u00fablicas expresaron su rechazo al acoso sufrido por la presidenta de M\u00e9xico, Claudia Sheinbaum, durante su recorrido por el Centro Hist\u00f3rico de la Ciudad de M\u00e9xico. La Organizaci\u00f3n de las Naciones Unidas en M\u00e9xico manifest\u00f3 su solidaridad con la mandataria y llam\u00f3 a \u201cno normalizar ni minimizar\u201d la violencia contra las mujeres. En la misma l\u00ednea, ONU Mujeres subray\u00f3 que toda forma de acoso \u201ces una violaci\u00f3n de los derechos humanos y un delito que debe ser denunciado, sancionado y erradicado\u201d. Por su parte, el Comit\u00e9 Ejecutivo Nacional de Morena, encabezado por Luisa Mar\u00eda Alcalde, [&hellip;]<\/p>\n","protected":false},"author":2,"featured_media":184093,"comment_status":"closed","ping_status":"closed","sticky":false,"template":"","format":"standard","meta":{"_monsterinsights_skip_tracking":false,"_monsterinsights_sitenote_active":false,"_monsterinsights_sitenote_note":"","_monsterinsights_sitenote_category":0,"footnotes":""},"categories":[46],"tags":[],"class_list":["post-184092","post","type-post","status-publish","format-standard","has-post-thumbnail","hentry","category-nacional","post--single"],"_links":{"self":[{"href":"https:\/\/canal7slp.tv\/2026\/wp-json\/wp\/v2\/posts\/184092","targetHints":{"allow":["GET"]}}],"collection":[{"href":"https:\/\/canal7slp.tv\/2026\/wp-json\/wp\/v2\/posts"}],"about":[{"href":"https:\/\/canal7slp.tv\/2026\/wp-json\/wp\/v2\/types\/post"}],"author":[{"embeddable":true,"href":"https:\/\/canal7slp.tv\/2026\/wp-json\/wp\/v2\/users\/2"}],"replies":[{"embeddable":true,"href":"https:\/\/canal7slp.tv\/2026\/wp-json\/wp\/v2\/comments?post=184092"}],"version-history":[{"count":1,"href":"https:\/\/canal7slp.tv\/2026\/wp-json\/wp\/v2\/posts\/184092\/revisions"}],"predecessor-version":[{"id":184094,"href":"https:\/\/canal7slp.tv\/2026\/wp-json\/wp\/v2\/posts\/184092\/revisions\/184094"}],"wp:featuredmedia":[{"embeddable":true,"href":"https:\/\/canal7slp.tv\/2026\/wp-json\/wp\/v2\/media\/184093"}],"wp:attachment":[{"href":"https:\/\/canal7slp.tv\/2026\/wp-json\/wp\/v2\/media?parent=184092"}],"wp:term":[{"taxonomy":"category","embeddable":true,"href":"https:\/\/canal7slp.tv\/2026\/wp-json\/wp\/v2\/categories?post=184092"},{"taxonomy":"post_tag","embeddable":true,"href":"https:\/\/canal7slp.tv\/2026\/wp-json\/wp\/v2\/tags?post=184092"}],"curies":[{"name":"wp","href":"https:\/\/api.w.org\/{rel}","templated":true}]}}