{"id":184032,"date":"2025-11-04T19:57:51","date_gmt":"2025-11-05T01:57:51","guid":{"rendered":"https:\/\/canal7slp.tv\/2026\/?p=184032"},"modified":"2025-11-04T19:57:51","modified_gmt":"2025-11-05T01:57:51","slug":"anuncian-encuentro-internacional-de-artistas-mascareros","status":"publish","type":"post","link":"https:\/\/canal7slp.tv\/2026\/anuncian-encuentro-internacional-de-artistas-mascareros\/","title":{"rendered":"Anuncian encuentro internacional de artistas mascareros"},"content":{"rendered":"<p style=\"text-align: justify;\"><span style=\"font-size: 1.21429rem;\">SLP.- El Museo Nacional de la M\u00e1scara recibi\u00f3 en donaci\u00f3n nueve m\u00e1scaras procedentes de Paucartambo, Per\u00fa, en donde se dio a conocer que con ello, se refuerzan los lazos culturales de este pa\u00eds con M\u00e9xico.<\/span><\/p>\n<p style=\"text-align: justify;\">Asimismo, en el marco de esta donaci\u00f3n se anunci\u00f3 la realizaci\u00f3n del Tercer Encuentro Internacional de M\u00e1scaras y Maestros Mascareros, que se llevar\u00e1 a cabo en el marco de las festividades de Xantolo del pr\u00f3ximo a\u00f1o.<\/p>\n<p style=\"text-align: justify;\">El encuentro tendr\u00e1 lugar tres d\u00edas en el Museo Nacional de la M\u00e1scara y dos d\u00edas en la Huasteca Potosina con la participaci\u00f3n de pa\u00edses como Chile, Bolivia, Argentina, Ecuador, Per\u00fa, Colombia, Guatemala, Puerto Rico, Rep\u00fablica Dominicana y M\u00e9xico, adem\u00e1s de algunas naciones europeas.<\/p>\n<p style=\"text-align: justify;\">En este evento se busca reunir a maestros mascareros que brinden la oportunidad de conocer sus t\u00e9cnicas de elaboraci\u00f3n, y estilos ancestrales de cada pa\u00eds-<\/p>\n<p style=\"text-align: justify;\">Por: Claudio Ibarra<\/p>\n","protected":false},"excerpt":{"rendered":"<p>SLP.- El Museo Nacional de la M\u00e1scara recibi\u00f3 en donaci\u00f3n nueve m\u00e1scaras procedentes de Paucartambo, Per\u00fa, en donde se dio a conocer que con ello, se refuerzan los lazos culturales de este pa\u00eds con M\u00e9xico. Asimismo, en el marco de esta donaci\u00f3n se anunci\u00f3 la realizaci\u00f3n del Tercer Encuentro Internacional de M\u00e1scaras y Maestros Mascareros, que se llevar\u00e1 a cabo en el marco de las festividades de Xantolo del pr\u00f3ximo a\u00f1o. El encuentro tendr\u00e1 lugar tres d\u00edas en el Museo Nacional de la M\u00e1scara y dos d\u00edas en la Huasteca Potosina con la participaci\u00f3n de pa\u00edses como Chile, Bolivia, Argentina, [&hellip;]<\/p>\n","protected":false},"author":2,"featured_media":184045,"comment_status":"closed","ping_status":"closed","sticky":false,"template":"","format":"video","meta":{"_monsterinsights_skip_tracking":false,"_monsterinsights_sitenote_active":false,"_monsterinsights_sitenote_note":"","_monsterinsights_sitenote_category":0,"footnotes":""},"categories":[5,45],"tags":[],"class_list":["post-184032","post","type-post","status-publish","format-video","has-post-thumbnail","hentry","category-destacadas","category-localesyregionales","post_format-post-format-video","post--single"],"_links":{"self":[{"href":"https:\/\/canal7slp.tv\/2026\/wp-json\/wp\/v2\/posts\/184032","targetHints":{"allow":["GET"]}}],"collection":[{"href":"https:\/\/canal7slp.tv\/2026\/wp-json\/wp\/v2\/posts"}],"about":[{"href":"https:\/\/canal7slp.tv\/2026\/wp-json\/wp\/v2\/types\/post"}],"author":[{"embeddable":true,"href":"https:\/\/canal7slp.tv\/2026\/wp-json\/wp\/v2\/users\/2"}],"replies":[{"embeddable":true,"href":"https:\/\/canal7slp.tv\/2026\/wp-json\/wp\/v2\/comments?post=184032"}],"version-history":[{"count":2,"href":"https:\/\/canal7slp.tv\/2026\/wp-json\/wp\/v2\/posts\/184032\/revisions"}],"predecessor-version":[{"id":184046,"href":"https:\/\/canal7slp.tv\/2026\/wp-json\/wp\/v2\/posts\/184032\/revisions\/184046"}],"wp:featuredmedia":[{"embeddable":true,"href":"https:\/\/canal7slp.tv\/2026\/wp-json\/wp\/v2\/media\/184045"}],"wp:attachment":[{"href":"https:\/\/canal7slp.tv\/2026\/wp-json\/wp\/v2\/media?parent=184032"}],"wp:term":[{"taxonomy":"category","embeddable":true,"href":"https:\/\/canal7slp.tv\/2026\/wp-json\/wp\/v2\/categories?post=184032"},{"taxonomy":"post_tag","embeddable":true,"href":"https:\/\/canal7slp.tv\/2026\/wp-json\/wp\/v2\/tags?post=184032"}],"curies":[{"name":"wp","href":"https:\/\/api.w.org\/{rel}","templated":true}]}}