{"id":184008,"date":"2025-11-04T17:21:05","date_gmt":"2025-11-04T23:21:05","guid":{"rendered":"https:\/\/canal7slp.tv\/2026\/?p=184008"},"modified":"2025-11-04T17:21:05","modified_gmt":"2025-11-04T23:21:05","slug":"gobierno-federal-anuncia-el-plan-michoacan-por-la-paz-y-la-justicia","status":"publish","type":"post","link":"https:\/\/canal7slp.tv\/2026\/gobierno-federal-anuncia-el-plan-michoacan-por-la-paz-y-la-justicia\/","title":{"rendered":"\u00a0Gobierno federal anuncia el \u201cPlan Michoac\u00e1n por la Paz y la Justicia\u201d"},"content":{"rendered":"<p style=\"text-align: justify;\">Ciudad de M\u00e9xico.- La presidenta Claudia Sheinbaum present\u00f3 el \u201cPlan Michoac\u00e1n por la Paz y la Justicia\u201d, una estrategia integral enfocada en atender las causas de la violencia en la entidad.<\/p>\n<p style=\"text-align: justify;\">El anuncio se realiz\u00f3 pocos d\u00edas despu\u00e9s del asesinato del alcalde de Uruapan, Carlos Manzo Rodr\u00edguez, hecho que gener\u00f3 amplia preocupaci\u00f3n por la situaci\u00f3n de seguridad en la regi\u00f3n.<\/p>\n<p style=\"text-align: justify;\">Durante la presentaci\u00f3n, Sheinbaum subray\u00f3 que la estrategia parte de la convicci\u00f3n de que la paz se construye a trav\u00e9s de la justicia, el desarrollo y el respeto a la vida, m\u00e1s que mediante acciones b\u00e9licas.<\/p>\n<p style=\"text-align: justify;\">Destac\u00f3 que el plan se elaborar\u00e1 en coordinaci\u00f3n con el Gabinete de Seguridad y con la participaci\u00f3n activa de las comunidades michoacanas, con el objetivo de atender las necesidades espec\u00edficas de cada sector.<\/p>\n<p style=\"text-align: justify;\">El programa se articular\u00e1 en tres ejes principales:<\/p>\n<ul style=\"text-align: justify;\">\n<li>Seguridad y justicia: Refuerzo de la presencia de fuerzas federales en el estado, atenci\u00f3n prioritaria a delitos de homicidio y extorsi\u00f3n, apoyo a la Fiscal\u00eda estatal y creaci\u00f3n de una oficina de la Presidencia en distintos municipios. Adem\u00e1s, se establecer\u00e1n mesas de seguridad quincenales y un sistema de alerta para presidentes municipales.<\/li>\n<li>Desarrollo econ\u00f3mico con justicia: Garant\u00eda de seguridad social y salarios dignos para jornaleros agr\u00edcolas, as\u00ed como incentivos para la inversi\u00f3n en el sector rural.<\/li>\n<li>Educaci\u00f3n y cultura para la paz: Creaci\u00f3n de programas de reinserci\u00f3n social y atenci\u00f3n a v\u00edctimas, mesas de di\u00e1logo comunitario, becas educativas, centros culturales y campa\u00f1as que fomenten el arte y la convivencia.<\/li>\n<\/ul>\n<p style=\"text-align: justify;\">La mandataria adelant\u00f3 que el plan final ser\u00e1 presentado en los pr\u00f3ximos d\u00edas, una vez que concluyan las consultas con habitantes de diversas regiones del estado.<\/p>\n","protected":false},"excerpt":{"rendered":"<p>Ciudad de M\u00e9xico.- La presidenta Claudia Sheinbaum present\u00f3 el \u201cPlan Michoac\u00e1n por la Paz y la Justicia\u201d, una estrategia integral enfocada en atender las causas de la violencia en la entidad. El anuncio se realiz\u00f3 pocos d\u00edas despu\u00e9s del asesinato del alcalde de Uruapan, Carlos Manzo Rodr\u00edguez, hecho que gener\u00f3 amplia preocupaci\u00f3n por la situaci\u00f3n de seguridad en la regi\u00f3n. Durante la presentaci\u00f3n, Sheinbaum subray\u00f3 que la estrategia parte de la convicci\u00f3n de que la paz se construye a trav\u00e9s de la justicia, el desarrollo y el respeto a la vida, m\u00e1s que mediante acciones b\u00e9licas. Destac\u00f3 que el plan [&hellip;]<\/p>\n","protected":false},"author":2,"featured_media":184009,"comment_status":"closed","ping_status":"closed","sticky":false,"template":"","format":"standard","meta":{"_monsterinsights_skip_tracking":false,"_monsterinsights_sitenote_active":false,"_monsterinsights_sitenote_note":"","_monsterinsights_sitenote_category":0,"footnotes":""},"categories":[46],"tags":[],"class_list":["post-184008","post","type-post","status-publish","format-standard","has-post-thumbnail","hentry","category-nacional","post--single"],"_links":{"self":[{"href":"https:\/\/canal7slp.tv\/2026\/wp-json\/wp\/v2\/posts\/184008","targetHints":{"allow":["GET"]}}],"collection":[{"href":"https:\/\/canal7slp.tv\/2026\/wp-json\/wp\/v2\/posts"}],"about":[{"href":"https:\/\/canal7slp.tv\/2026\/wp-json\/wp\/v2\/types\/post"}],"author":[{"embeddable":true,"href":"https:\/\/canal7slp.tv\/2026\/wp-json\/wp\/v2\/users\/2"}],"replies":[{"embeddable":true,"href":"https:\/\/canal7slp.tv\/2026\/wp-json\/wp\/v2\/comments?post=184008"}],"version-history":[{"count":1,"href":"https:\/\/canal7slp.tv\/2026\/wp-json\/wp\/v2\/posts\/184008\/revisions"}],"predecessor-version":[{"id":184010,"href":"https:\/\/canal7slp.tv\/2026\/wp-json\/wp\/v2\/posts\/184008\/revisions\/184010"}],"wp:featuredmedia":[{"embeddable":true,"href":"https:\/\/canal7slp.tv\/2026\/wp-json\/wp\/v2\/media\/184009"}],"wp:attachment":[{"href":"https:\/\/canal7slp.tv\/2026\/wp-json\/wp\/v2\/media?parent=184008"}],"wp:term":[{"taxonomy":"category","embeddable":true,"href":"https:\/\/canal7slp.tv\/2026\/wp-json\/wp\/v2\/categories?post=184008"},{"taxonomy":"post_tag","embeddable":true,"href":"https:\/\/canal7slp.tv\/2026\/wp-json\/wp\/v2\/tags?post=184008"}],"curies":[{"name":"wp","href":"https:\/\/api.w.org\/{rel}","templated":true}]}}