{"id":183992,"date":"2025-11-04T16:35:24","date_gmt":"2025-11-04T22:35:24","guid":{"rendered":"https:\/\/canal7slp.tv\/2026\/?p=183992"},"modified":"2025-11-04T16:35:24","modified_gmt":"2025-11-04T22:35:24","slug":"continua-avance-judicial-por-caso-de-violacion-en-la-facultad-de-derecho-en-la-uaslp","status":"publish","type":"post","link":"https:\/\/canal7slp.tv\/2026\/continua-avance-judicial-por-caso-de-violacion-en-la-facultad-de-derecho-en-la-uaslp\/","title":{"rendered":"Contin\u00faa avance judicial por caso de violaci\u00f3n en la Facultad de Derecho en la UASLP"},"content":{"rendered":"<p style=\"text-align: justify;\"><span style=\"font-size: 1.21429rem;\">SLP.- La Fiscal\u00eda General del Estado de San Luis Potos\u00ed inform\u00f3 que el segundo implicado en la violaci\u00f3n registrada dentro de la Facultad de Derecho de la Universidad Aut\u00f3noma de San Luis Potos\u00ed, un adolescente de 17 a\u00f1os, se entreg\u00f3 voluntariamente despu\u00e9s de que un juez rechazara el amparo promovido contra la orden de aprehensi\u00f3n.<\/span><\/p>\n<p style=\"text-align: justify;\">El menor fue ingresado al sistema especializado de justicia para adolescentes, donde se defini\u00f3 un internamiento preventivo en el Centro de Ejecuci\u00f3n de Medidas para Adolescentes.<\/p>\n<p style=\"text-align: justify;\">Por otro lado, el primer detenido, identificado como Santiago N., fue vinculado a proceso bajo prisi\u00f3n preventiva oficiosa.<\/p>\n<p style=\"text-align: justify;\">Adem\u00e1s, la Fiscal\u00eda se\u00f1al\u00f3 que a\u00fan se mantiene activa la b\u00fasqueda del tercer participante en este hecho, quien cuenta con orden de aprehensi\u00f3n vigente y que contin\u00faa sin ser localizado.<\/p>\n<p style=\"text-align: justify;\">La carpeta del caso contin\u00faa en integraci\u00f3n y se especific\u00f3 que no se emitir\u00e1n m\u00e1s pronunciamientos hasta que concluyan las investigaciones ministeriales.<\/p>\n<p style=\"text-align: justify;\">En paralelo al proceso judicial, la instituci\u00f3n educativa retom\u00f3 actividades acad\u00e9micas y administrativas este lunes luego de d\u00edas de paro estudiantil.<\/p>\n<p style=\"text-align: justify;\">Facultades como Derecho, Psicolog\u00eda, Ciencias Sociales y Humanidades, Contadur\u00eda, Comunicaci\u00f3n, y Econom\u00eda reanudaron clases tras acuerdos orientados a reforzar medidas de seguridad, mejorar protocolos internos y fortalecer acciones de prevenci\u00f3n de violencia de g\u00e9nero en los planteles.<\/p>\n<p style=\"text-align: justify;\">Por: Jos\u00e9 Luis V\u00e1zquez<\/p>\n","protected":false},"excerpt":{"rendered":"<p>SLP.- La Fiscal\u00eda General del Estado de San Luis Potos\u00ed inform\u00f3 que el segundo implicado en la violaci\u00f3n registrada dentro de la Facultad de Derecho de la Universidad Aut\u00f3noma de San Luis Potos\u00ed, un adolescente de 17 a\u00f1os, se entreg\u00f3 voluntariamente despu\u00e9s de que un juez rechazara el amparo promovido contra la orden de aprehensi\u00f3n. El menor fue ingresado al sistema especializado de justicia para adolescentes, donde se defini\u00f3 un internamiento preventivo en el Centro de Ejecuci\u00f3n de Medidas para Adolescentes. Por otro lado, el primer detenido, identificado como Santiago N., fue vinculado a proceso bajo prisi\u00f3n preventiva oficiosa. Adem\u00e1s, [&hellip;]<\/p>\n","protected":false},"author":2,"featured_media":183993,"comment_status":"closed","ping_status":"closed","sticky":false,"template":"","format":"video","meta":{"_monsterinsights_skip_tracking":false,"_monsterinsights_sitenote_active":false,"_monsterinsights_sitenote_note":"","_monsterinsights_sitenote_category":0,"footnotes":""},"categories":[5,510,45],"tags":[],"class_list":["post-183992","post","type-post","status-publish","format-video","has-post-thumbnail","hentry","category-destacadas","category-gobedoslp","category-localesyregionales","post_format-post-format-video","post--single"],"_links":{"self":[{"href":"https:\/\/canal7slp.tv\/2026\/wp-json\/wp\/v2\/posts\/183992","targetHints":{"allow":["GET"]}}],"collection":[{"href":"https:\/\/canal7slp.tv\/2026\/wp-json\/wp\/v2\/posts"}],"about":[{"href":"https:\/\/canal7slp.tv\/2026\/wp-json\/wp\/v2\/types\/post"}],"author":[{"embeddable":true,"href":"https:\/\/canal7slp.tv\/2026\/wp-json\/wp\/v2\/users\/2"}],"replies":[{"embeddable":true,"href":"https:\/\/canal7slp.tv\/2026\/wp-json\/wp\/v2\/comments?post=183992"}],"version-history":[{"count":1,"href":"https:\/\/canal7slp.tv\/2026\/wp-json\/wp\/v2\/posts\/183992\/revisions"}],"predecessor-version":[{"id":183994,"href":"https:\/\/canal7slp.tv\/2026\/wp-json\/wp\/v2\/posts\/183992\/revisions\/183994"}],"wp:featuredmedia":[{"embeddable":true,"href":"https:\/\/canal7slp.tv\/2026\/wp-json\/wp\/v2\/media\/183993"}],"wp:attachment":[{"href":"https:\/\/canal7slp.tv\/2026\/wp-json\/wp\/v2\/media?parent=183992"}],"wp:term":[{"taxonomy":"category","embeddable":true,"href":"https:\/\/canal7slp.tv\/2026\/wp-json\/wp\/v2\/categories?post=183992"},{"taxonomy":"post_tag","embeddable":true,"href":"https:\/\/canal7slp.tv\/2026\/wp-json\/wp\/v2\/tags?post=183992"}],"curies":[{"name":"wp","href":"https:\/\/api.w.org\/{rel}","templated":true}]}}