{"id":183967,"date":"2025-11-04T14:44:29","date_gmt":"2025-11-04T20:44:29","guid":{"rendered":"https:\/\/canal7slp.tv\/2026\/?p=183967"},"modified":"2025-11-04T14:44:29","modified_gmt":"2025-11-04T20:44:29","slug":"suspenden-feria-del-libro-sonora-2025-en-solidaridad-con-victimas-de-explosion-en-hermosillo","status":"publish","type":"post","link":"https:\/\/canal7slp.tv\/2026\/suspenden-feria-del-libro-sonora-2025-en-solidaridad-con-victimas-de-explosion-en-hermosillo\/","title":{"rendered":"Suspenden Feria del Libro Sonora 2025 en solidaridad con v\u00edctimas de explosi\u00f3n en Hermosillo"},"content":{"rendered":"<p style=\"text-align: justify;\">Hermosillo.- El gobierno de Sonora anunci\u00f3 la suspensi\u00f3n de la Feria del Libro Sonora 2025, que se realizar\u00eda del 8 al 15 de noviembre en la Plaza Bicentenario, como muestra de solidaridad con las v\u00edctimas y familiares afectados por la explosi\u00f3n ocurrida el pasado 1 de noviembre en una tienda Waldo\u2019s, donde murieron 23 personas y 15 resultaron heridas.<\/p>\n<p style=\"text-align: justify;\">En un comunicado conjunto, la Secretar\u00eda de Educaci\u00f3n y Cultura y el Instituto Sonorense de Cultura informaron que la medida obedece a un \u201cprofundo sentido de responsabilidad y empat\u00eda\u201d ante las p\u00e9rdidas humanas ocasionadas por el siniestro, y como una forma de respeto a la memoria de las v\u00edctimas.<\/p>\n<p style=\"text-align: justify;\">Las autoridades agradecieron la comprensi\u00f3n del p\u00fablico, autores, editoriales y colaboradores, al tiempo que se\u00f1alaron que la Feria del Libro es uno de los encuentros literarios m\u00e1s importantes del estado.<\/p>\n<p style=\"text-align: justify;\">Hasta el momento, no se ha informado si el evento ser\u00e1 reprogramado.<\/p>\n","protected":false},"excerpt":{"rendered":"<p>Hermosillo.- El gobierno de Sonora anunci\u00f3 la suspensi\u00f3n de la Feria del Libro Sonora 2025, que se realizar\u00eda del 8 al 15 de noviembre en la Plaza Bicentenario, como muestra de solidaridad con las v\u00edctimas y familiares afectados por la explosi\u00f3n ocurrida el pasado 1 de noviembre en una tienda Waldo\u2019s, donde murieron 23 personas y 15 resultaron heridas. En un comunicado conjunto, la Secretar\u00eda de Educaci\u00f3n y Cultura y el Instituto Sonorense de Cultura informaron que la medida obedece a un \u201cprofundo sentido de responsabilidad y empat\u00eda\u201d ante las p\u00e9rdidas humanas ocasionadas por el siniestro, y como una forma [&hellip;]<\/p>\n","protected":false},"author":2,"featured_media":183968,"comment_status":"closed","ping_status":"closed","sticky":false,"template":"","format":"standard","meta":{"_monsterinsights_skip_tracking":false,"_monsterinsights_sitenote_active":false,"_monsterinsights_sitenote_note":"","_monsterinsights_sitenote_category":0,"footnotes":""},"categories":[46],"tags":[],"class_list":["post-183967","post","type-post","status-publish","format-standard","has-post-thumbnail","hentry","category-nacional","post--single"],"_links":{"self":[{"href":"https:\/\/canal7slp.tv\/2026\/wp-json\/wp\/v2\/posts\/183967","targetHints":{"allow":["GET"]}}],"collection":[{"href":"https:\/\/canal7slp.tv\/2026\/wp-json\/wp\/v2\/posts"}],"about":[{"href":"https:\/\/canal7slp.tv\/2026\/wp-json\/wp\/v2\/types\/post"}],"author":[{"embeddable":true,"href":"https:\/\/canal7slp.tv\/2026\/wp-json\/wp\/v2\/users\/2"}],"replies":[{"embeddable":true,"href":"https:\/\/canal7slp.tv\/2026\/wp-json\/wp\/v2\/comments?post=183967"}],"version-history":[{"count":1,"href":"https:\/\/canal7slp.tv\/2026\/wp-json\/wp\/v2\/posts\/183967\/revisions"}],"predecessor-version":[{"id":183969,"href":"https:\/\/canal7slp.tv\/2026\/wp-json\/wp\/v2\/posts\/183967\/revisions\/183969"}],"wp:featuredmedia":[{"embeddable":true,"href":"https:\/\/canal7slp.tv\/2026\/wp-json\/wp\/v2\/media\/183968"}],"wp:attachment":[{"href":"https:\/\/canal7slp.tv\/2026\/wp-json\/wp\/v2\/media?parent=183967"}],"wp:term":[{"taxonomy":"category","embeddable":true,"href":"https:\/\/canal7slp.tv\/2026\/wp-json\/wp\/v2\/categories?post=183967"},{"taxonomy":"post_tag","embeddable":true,"href":"https:\/\/canal7slp.tv\/2026\/wp-json\/wp\/v2\/tags?post=183967"}],"curies":[{"name":"wp","href":"https:\/\/api.w.org\/{rel}","templated":true}]}}