{"id":183899,"date":"2025-11-03T22:22:52","date_gmt":"2025-11-04T04:22:52","guid":{"rendered":"https:\/\/canal7slp.tv\/2026\/?p=183899"},"modified":"2025-11-03T22:22:52","modified_gmt":"2025-11-04T04:22:52","slug":"miles-acuden-a-los-panteones-en-este-dia-de-muertos","status":"publish","type":"post","link":"https:\/\/canal7slp.tv\/2026\/miles-acuden-a-los-panteones-en-este-dia-de-muertos\/","title":{"rendered":"Miles acuden a los panteones en este D\u00eda de Muertos"},"content":{"rendered":"<p style=\"text-align: justify;\"><span style=\"font-size: 1.21429rem;\">SLP.- Sin incidentes serios y con la presencia de turistas extranjeros transcurrieron las actividades por el D\u00eda de Muertos el pasado 1\u00b0 y 2 de Noviembre en los panteones de la ciudad, inform\u00f3 el director de Servicios Municipales Christian Azuara.<\/span><\/p>\n<p style=\"text-align: justify;\">Detall\u00f3 que los d\u00edas s\u00e1bado y domingo se registr\u00f3 una mayor afluencia de visitantes a los panteones con 130 mil personas en el Saucito, 16 mil 400 en el pante\u00f3n Espa\u00f1ita y 12 mil 400 visitantes en Milpillas lo que dio un total aproximado de 160 mil personas, mientras que en el pante\u00f3n de La Pila se registraron 2 mil 500 visitas.<\/p>\n<p style=\"text-align: justify;\">Luego de asegurar que no se registraron incidentes mayores al interior de los cementerios que ameritaran la intervenci\u00f3n de elementos de seguridad, dijo sin embargo que el saldo mayor fue la cantidad de basura que dejaron las personas.<\/p>\n<p style=\"text-align: justify;\">Afirm\u00f3 que principalmente fueron desechos org\u00e1nicos por consumir alimentos dentro de los panteones al comentar que para este lunes, se har\u00e1 un balance general luego del cierre oficial del operativo por el D\u00eda de Muertos.<\/p>\n<p>Por: claudio Ibarra<\/p>\n","protected":false},"excerpt":{"rendered":"<p>SLP.- Sin incidentes serios y con la presencia de turistas extranjeros transcurrieron las actividades por el D\u00eda de Muertos el pasado 1\u00b0 y 2 de Noviembre en los panteones de la ciudad, inform\u00f3 el director de Servicios Municipales Christian Azuara. Detall\u00f3 que los d\u00edas s\u00e1bado y domingo se registr\u00f3 una mayor afluencia de visitantes a los panteones con 130 mil personas en el Saucito, 16 mil 400 en el pante\u00f3n Espa\u00f1ita y 12 mil 400 visitantes en Milpillas lo que dio un total aproximado de 160 mil personas, mientras que en el pante\u00f3n de La Pila se registraron 2 mil [&hellip;]<\/p>\n","protected":false},"author":2,"featured_media":183947,"comment_status":"closed","ping_status":"closed","sticky":false,"template":"","format":"video","meta":{"_monsterinsights_skip_tracking":false,"_monsterinsights_sitenote_active":false,"_monsterinsights_sitenote_note":"","_monsterinsights_sitenote_category":0,"footnotes":""},"categories":[5,45],"tags":[],"class_list":["post-183899","post","type-post","status-publish","format-video","has-post-thumbnail","hentry","category-destacadas","category-localesyregionales","post_format-post-format-video","post--single"],"_links":{"self":[{"href":"https:\/\/canal7slp.tv\/2026\/wp-json\/wp\/v2\/posts\/183899","targetHints":{"allow":["GET"]}}],"collection":[{"href":"https:\/\/canal7slp.tv\/2026\/wp-json\/wp\/v2\/posts"}],"about":[{"href":"https:\/\/canal7slp.tv\/2026\/wp-json\/wp\/v2\/types\/post"}],"author":[{"embeddable":true,"href":"https:\/\/canal7slp.tv\/2026\/wp-json\/wp\/v2\/users\/2"}],"replies":[{"embeddable":true,"href":"https:\/\/canal7slp.tv\/2026\/wp-json\/wp\/v2\/comments?post=183899"}],"version-history":[{"count":2,"href":"https:\/\/canal7slp.tv\/2026\/wp-json\/wp\/v2\/posts\/183899\/revisions"}],"predecessor-version":[{"id":183948,"href":"https:\/\/canal7slp.tv\/2026\/wp-json\/wp\/v2\/posts\/183899\/revisions\/183948"}],"wp:featuredmedia":[{"embeddable":true,"href":"https:\/\/canal7slp.tv\/2026\/wp-json\/wp\/v2\/media\/183947"}],"wp:attachment":[{"href":"https:\/\/canal7slp.tv\/2026\/wp-json\/wp\/v2\/media?parent=183899"}],"wp:term":[{"taxonomy":"category","embeddable":true,"href":"https:\/\/canal7slp.tv\/2026\/wp-json\/wp\/v2\/categories?post=183899"},{"taxonomy":"post_tag","embeddable":true,"href":"https:\/\/canal7slp.tv\/2026\/wp-json\/wp\/v2\/tags?post=183899"}],"curies":[{"name":"wp","href":"https:\/\/api.w.org\/{rel}","templated":true}]}}