{"id":183897,"date":"2025-11-03T22:05:55","date_gmt":"2025-11-04T04:05:55","guid":{"rendered":"https:\/\/canal7slp.tv\/2026\/?p=183897"},"modified":"2025-11-03T22:05:55","modified_gmt":"2025-11-04T04:05:55","slug":"senadora-y-alcalde-capitalino-condenan-el-asesinato-del-alcalde-uruapan-michoacan","status":"publish","type":"post","link":"https:\/\/canal7slp.tv\/2026\/senadora-y-alcalde-capitalino-condenan-el-asesinato-del-alcalde-uruapan-michoacan\/","title":{"rendered":"Senadora y alcalde capitalino condenan el asesinato del alcalde Uruapan, Michoac\u00e1n"},"content":{"rendered":"<p style=\"text-align: justify;\"><span style=\"font-size: 1.21429rem;\">SLP.- En torno al crimen del alcalde de Uruapan Michoac\u00e1n, Carlos Manzo Rodr\u00edguez la senadora del Partido Acci\u00f3n Nacional calific\u00f3 de lamentable este hecho, al decir que es una prueba m\u00e1s de que el gobierno federal le est\u00e1 fallando a los mexicanos en el tema de la seguridad.<\/span><\/p>\n<p style=\"text-align: justify;\">En el mismo tema opin\u00f3 el presidente municipal Enrique Galindo quien coment\u00f3 que conoci\u00f3 personalmente al malogrado alcalde.<\/p>\n<p style=\"text-align: justify;\">Afirm\u00f3 que el movimiento que inici\u00f3 el fallecido presidente municipal ten\u00eda muchos seguidores porque eran justos sus reclamos, por vivir en un clima de paz y seguridad en su municipio.<\/p>\n<p>Por: Claudio Ibarra<\/p>\n","protected":false},"excerpt":{"rendered":"<p>SLP.- En torno al crimen del alcalde de Uruapan Michoac\u00e1n, Carlos Manzo Rodr\u00edguez la senadora del Partido Acci\u00f3n Nacional calific\u00f3 de lamentable este hecho, al decir que es una prueba m\u00e1s de que el gobierno federal le est\u00e1 fallando a los mexicanos en el tema de la seguridad. En el mismo tema opin\u00f3 el presidente municipal Enrique Galindo quien coment\u00f3 que conoci\u00f3 personalmente al malogrado alcalde. Afirm\u00f3 que el movimiento que inici\u00f3 el fallecido presidente municipal ten\u00eda muchos seguidores porque eran justos sus reclamos, por vivir en un clima de paz y seguridad en su municipio. Por: Claudio Ibarra<\/p>\n","protected":false},"author":2,"featured_media":183941,"comment_status":"closed","ping_status":"closed","sticky":false,"template":"","format":"video","meta":{"_monsterinsights_skip_tracking":false,"_monsterinsights_sitenote_active":false,"_monsterinsights_sitenote_note":"","_monsterinsights_sitenote_category":0,"footnotes":""},"categories":[66,5,45],"tags":[],"class_list":["post-183897","post","type-post","status-publish","format-video","has-post-thumbnail","hentry","category-ayoslp","category-destacadas","category-localesyregionales","post_format-post-format-video","post--single"],"_links":{"self":[{"href":"https:\/\/canal7slp.tv\/2026\/wp-json\/wp\/v2\/posts\/183897","targetHints":{"allow":["GET"]}}],"collection":[{"href":"https:\/\/canal7slp.tv\/2026\/wp-json\/wp\/v2\/posts"}],"about":[{"href":"https:\/\/canal7slp.tv\/2026\/wp-json\/wp\/v2\/types\/post"}],"author":[{"embeddable":true,"href":"https:\/\/canal7slp.tv\/2026\/wp-json\/wp\/v2\/users\/2"}],"replies":[{"embeddable":true,"href":"https:\/\/canal7slp.tv\/2026\/wp-json\/wp\/v2\/comments?post=183897"}],"version-history":[{"count":2,"href":"https:\/\/canal7slp.tv\/2026\/wp-json\/wp\/v2\/posts\/183897\/revisions"}],"predecessor-version":[{"id":183942,"href":"https:\/\/canal7slp.tv\/2026\/wp-json\/wp\/v2\/posts\/183897\/revisions\/183942"}],"wp:featuredmedia":[{"embeddable":true,"href":"https:\/\/canal7slp.tv\/2026\/wp-json\/wp\/v2\/media\/183941"}],"wp:attachment":[{"href":"https:\/\/canal7slp.tv\/2026\/wp-json\/wp\/v2\/media?parent=183897"}],"wp:term":[{"taxonomy":"category","embeddable":true,"href":"https:\/\/canal7slp.tv\/2026\/wp-json\/wp\/v2\/categories?post=183897"},{"taxonomy":"post_tag","embeddable":true,"href":"https:\/\/canal7slp.tv\/2026\/wp-json\/wp\/v2\/tags?post=183897"}],"curies":[{"name":"wp","href":"https:\/\/api.w.org\/{rel}","templated":true}]}}