{"id":183896,"date":"2025-11-03T21:53:58","date_gmt":"2025-11-04T03:53:58","guid":{"rendered":"https:\/\/canal7slp.tv\/2026\/?p=183896"},"modified":"2025-11-03T21:53:58","modified_gmt":"2025-11-04T03:53:58","slug":"en-sesion-solemne-cabildo-celebra-los-433-anos-de-la-fundacion-de-la-ciudad-de-san-luis-potosi","status":"publish","type":"post","link":"https:\/\/canal7slp.tv\/2026\/en-sesion-solemne-cabildo-celebra-los-433-anos-de-la-fundacion-de-la-ciudad-de-san-luis-potosi\/","title":{"rendered":"En sesi\u00f3n solemne, Cabildo celebra los 433 a\u00f1os de la fundaci\u00f3n de la ciudad de San Luis Potos\u00ed"},"content":{"rendered":"<p style=\"text-align: justify;\"><span style=\"font-size: 1.21429rem;\">SLP.- Este lunes 3 de noviembre y en sesi\u00f3n solemne de Cabildo se present\u00f3 la semblanza hist\u00f3rica de la Ciudad de San Luis Potos\u00ed con motivo del 433 aniversario de su fundaci\u00f3n como ciudad.<\/span><\/p>\n<p style=\"text-align: justify;\">Al inicio de esta sesi\u00f3n solemne de Cabildo se guard\u00f3 un minuto de silencio por la muerte del alcalde de Uruapan, Michoac\u00e1n, Carlos Manzo Rodr\u00edguez.<\/p>\n<p style=\"text-align: justify;\">En su intervenci\u00f3n, el presidente municipal Enrique Galindo Ceballos destac\u00f3 los logros obtenidos por la ciudad ante organismos internacionales, durante su gesti\u00f3n.<\/p>\n<p style=\"text-align: justify;\">En el marco de este evento en el que estuvieron presentes tambi\u00e9n las representantes de los poderes legislativo y judicial, se entreg\u00f3 la presea al M\u00e9rito Cultural \u201cDaniel de la Llera 2025\u201d a Sayuli Elizabeth Navarro Leyva.<\/p>\n<p style=\"text-align: justify;\">En su mensaje el gobernador Ricardo Gallardo Cardona afirm\u00f3 que una ciudad como San Luis Potos\u00ed no solo se mide por su historia sino tambi\u00e9n por sus avances, al destacar la importancia de mantener un estado en armon\u00eda pol\u00edtica y social.<\/p>\n<p style=\"text-align: justify;\">Por: Claudio Ibarra<\/p>\n","protected":false},"excerpt":{"rendered":"<p>SLP.- Este lunes 3 de noviembre y en sesi\u00f3n solemne de Cabildo se present\u00f3 la semblanza hist\u00f3rica de la Ciudad de San Luis Potos\u00ed con motivo del 433 aniversario de su fundaci\u00f3n como ciudad. Al inicio de esta sesi\u00f3n solemne de Cabildo se guard\u00f3 un minuto de silencio por la muerte del alcalde de Uruapan, Michoac\u00e1n, Carlos Manzo Rodr\u00edguez. En su intervenci\u00f3n, el presidente municipal Enrique Galindo Ceballos destac\u00f3 los logros obtenidos por la ciudad ante organismos internacionales, durante su gesti\u00f3n. En el marco de este evento en el que estuvieron presentes tambi\u00e9n las representantes de los poderes legislativo y [&hellip;]<\/p>\n","protected":false},"author":2,"featured_media":183938,"comment_status":"closed","ping_status":"closed","sticky":false,"template":"","format":"video","meta":{"_monsterinsights_skip_tracking":false,"_monsterinsights_sitenote_active":false,"_monsterinsights_sitenote_note":"","_monsterinsights_sitenote_category":0,"footnotes":""},"categories":[66,5,45],"tags":[],"class_list":["post-183896","post","type-post","status-publish","format-video","has-post-thumbnail","hentry","category-ayoslp","category-destacadas","category-localesyregionales","post_format-post-format-video","post--single"],"_links":{"self":[{"href":"https:\/\/canal7slp.tv\/2026\/wp-json\/wp\/v2\/posts\/183896","targetHints":{"allow":["GET"]}}],"collection":[{"href":"https:\/\/canal7slp.tv\/2026\/wp-json\/wp\/v2\/posts"}],"about":[{"href":"https:\/\/canal7slp.tv\/2026\/wp-json\/wp\/v2\/types\/post"}],"author":[{"embeddable":true,"href":"https:\/\/canal7slp.tv\/2026\/wp-json\/wp\/v2\/users\/2"}],"replies":[{"embeddable":true,"href":"https:\/\/canal7slp.tv\/2026\/wp-json\/wp\/v2\/comments?post=183896"}],"version-history":[{"count":2,"href":"https:\/\/canal7slp.tv\/2026\/wp-json\/wp\/v2\/posts\/183896\/revisions"}],"predecessor-version":[{"id":183939,"href":"https:\/\/canal7slp.tv\/2026\/wp-json\/wp\/v2\/posts\/183896\/revisions\/183939"}],"wp:featuredmedia":[{"embeddable":true,"href":"https:\/\/canal7slp.tv\/2026\/wp-json\/wp\/v2\/media\/183938"}],"wp:attachment":[{"href":"https:\/\/canal7slp.tv\/2026\/wp-json\/wp\/v2\/media?parent=183896"}],"wp:term":[{"taxonomy":"category","embeddable":true,"href":"https:\/\/canal7slp.tv\/2026\/wp-json\/wp\/v2\/categories?post=183896"},{"taxonomy":"post_tag","embeddable":true,"href":"https:\/\/canal7slp.tv\/2026\/wp-json\/wp\/v2\/tags?post=183896"}],"curies":[{"name":"wp","href":"https:\/\/api.w.org\/{rel}","templated":true}]}}