{"id":183893,"date":"2025-11-03T17:41:04","date_gmt":"2025-11-03T23:41:04","guid":{"rendered":"https:\/\/canal7slp.tv\/2026\/?p=183893"},"modified":"2025-11-03T17:41:04","modified_gmt":"2025-11-03T23:41:04","slug":"roto-estado-de-derecho-en-mexico-consejo-empresarial-potosino","status":"publish","type":"post","link":"https:\/\/canal7slp.tv\/2026\/roto-estado-de-derecho-en-mexico-consejo-empresarial-potosino\/","title":{"rendered":"Roto, estado de derecho en M\u00e9xico: Consejo Empresarial Potosino"},"content":{"rendered":"<p style=\"text-align: justify;\">SLP.- Las condiciones de seguridad en el pa\u00eds son p\u00e9simas asever\u00f3 el presidente del Consejo Empresarial Potosino, H\u00e9ctor D\u00b4Argance Villegas quien lament\u00f3 la muerte del alcalde de Uruapan, Michoac\u00e1n, Carlos Alberto Manzo Rodr\u00edguez.<\/p>\n<p style=\"text-align: justify;\">\u201cUna situaci\u00f3n ,muy triste y muy lamentable que fue la muerte de Carlos Manzo, alcalde de Uruapan, Michoac\u00e1n, un hombre que se atrevi\u00f3 a levantar la voz, a tener un gobierno independiente y a combatir el crimen organizado en ese municipio\u201d.<\/p>\n<p style=\"text-align: justify;\">Record\u00f3 que en fechas recientes ha habido noticias relacionadas con asesinatos violentos.<\/p>\n<p style=\"text-align: justify;\">\u201cAcu\u00e9rdate que tuvimos una semana anterior la muerte de Omar Bravo, Carlos Bravo, un empresario l\u00edder limonero y tuvimos tambi\u00e9n otro crimen en esos d\u00edas de un empresario muy importante en el Estado de Veracruz que tambi\u00e9n muri\u00f3 a manos del crimen organizado\u201d.<\/p>\n<p style=\"text-align: justify;\">Argument\u00f3 que las condiciones de inseguridad se viven tambi\u00e9n en la entidad potosina.<\/p>\n<p style=\"text-align: justify;\">\u201cPues aqu\u00ed en San Luis Potos\u00ed hemos sufrido atentados, sufrimos retenes en carreteras que son no precisamente de la Polic\u00eda Federal, son situaciones que se dan de manera clandestina\u201d.<\/p>\n<p style=\"text-align: justify;\">Afirm\u00f3 que en el caso de la muerte violenta de Carlos Manzo no es un hecho aislado.<\/p>\n<p style=\"text-align: justify;\">\u201cNo es un hecho aislado o alejado el tema de Carlos Manzo, creo que el estado de derecho en M\u00e9xico est\u00e1 roto y que el gobierno o los gobierno municipal, el estatal y federal que son los obligados a cumplir constitucionalmente con ese estado de derecho no lo est\u00e1n cumpliendo, est\u00e1n muy debilitados\u201d.<\/p>\n<p style=\"text-align: justify;\">Por: Juan Carlos Contreras<\/p>\n","protected":false},"excerpt":{"rendered":"<p>SLP.- Las condiciones de seguridad en el pa\u00eds son p\u00e9simas asever\u00f3 el presidente del Consejo Empresarial Potosino, H\u00e9ctor D\u00b4Argance Villegas quien lament\u00f3 la muerte del alcalde de Uruapan, Michoac\u00e1n, Carlos Alberto Manzo Rodr\u00edguez. \u201cUna situaci\u00f3n ,muy triste y muy lamentable que fue la muerte de Carlos Manzo, alcalde de Uruapan, Michoac\u00e1n, un hombre que se atrevi\u00f3 a levantar la voz, a tener un gobierno independiente y a combatir el crimen organizado en ese municipio\u201d. Record\u00f3 que en fechas recientes ha habido noticias relacionadas con asesinatos violentos. \u201cAcu\u00e9rdate que tuvimos una semana anterior la muerte de Omar Bravo, Carlos Bravo, un [&hellip;]<\/p>\n","protected":false},"author":2,"featured_media":183930,"comment_status":"closed","ping_status":"closed","sticky":false,"template":"","format":"video","meta":{"_monsterinsights_skip_tracking":false,"_monsterinsights_sitenote_active":false,"_monsterinsights_sitenote_note":"","_monsterinsights_sitenote_category":0,"footnotes":""},"categories":[5,45],"tags":[],"class_list":["post-183893","post","type-post","status-publish","format-video","has-post-thumbnail","hentry","category-destacadas","category-localesyregionales","post_format-post-format-video","post--single"],"_links":{"self":[{"href":"https:\/\/canal7slp.tv\/2026\/wp-json\/wp\/v2\/posts\/183893","targetHints":{"allow":["GET"]}}],"collection":[{"href":"https:\/\/canal7slp.tv\/2026\/wp-json\/wp\/v2\/posts"}],"about":[{"href":"https:\/\/canal7slp.tv\/2026\/wp-json\/wp\/v2\/types\/post"}],"author":[{"embeddable":true,"href":"https:\/\/canal7slp.tv\/2026\/wp-json\/wp\/v2\/users\/2"}],"replies":[{"embeddable":true,"href":"https:\/\/canal7slp.tv\/2026\/wp-json\/wp\/v2\/comments?post=183893"}],"version-history":[{"count":2,"href":"https:\/\/canal7slp.tv\/2026\/wp-json\/wp\/v2\/posts\/183893\/revisions"}],"predecessor-version":[{"id":183931,"href":"https:\/\/canal7slp.tv\/2026\/wp-json\/wp\/v2\/posts\/183893\/revisions\/183931"}],"wp:featuredmedia":[{"embeddable":true,"href":"https:\/\/canal7slp.tv\/2026\/wp-json\/wp\/v2\/media\/183930"}],"wp:attachment":[{"href":"https:\/\/canal7slp.tv\/2026\/wp-json\/wp\/v2\/media?parent=183893"}],"wp:term":[{"taxonomy":"category","embeddable":true,"href":"https:\/\/canal7slp.tv\/2026\/wp-json\/wp\/v2\/categories?post=183893"},{"taxonomy":"post_tag","embeddable":true,"href":"https:\/\/canal7slp.tv\/2026\/wp-json\/wp\/v2\/tags?post=183893"}],"curies":[{"name":"wp","href":"https:\/\/api.w.org\/{rel}","templated":true}]}}