{"id":183881,"date":"2025-11-03T16:42:04","date_gmt":"2025-11-03T22:42:04","guid":{"rendered":"https:\/\/canal7slp.tv\/2026\/?p=183881"},"modified":"2025-11-03T16:42:04","modified_gmt":"2025-11-03T22:42:04","slug":"hackean-pagina-de-madres-buscadoras-de-sonora","status":"publish","type":"post","link":"https:\/\/canal7slp.tv\/2026\/hackean-pagina-de-madres-buscadoras-de-sonora\/","title":{"rendered":"Hackean p\u00e1gina de \u201cMadres Buscadoras de Sonora\u201d"},"content":{"rendered":"<p style=\"text-align: justify;\">\n<ul style=\"text-align: justify;\">\n<li>Denuncian p\u00e9rdida de acceso a cuenta con 1.7 millones de seguidores.<\/li>\n<\/ul>\n<p style=\"text-align: justify;\">Sonora.- La activista Ceci Flores, fundadora del colectivo \u201cMadres Buscadoras de Sonora\u201d, denunci\u00f3 que la p\u00e1gina oficial del grupo en Facebook fue vulnerada, lo que impide el acceso a su contenido y publicaciones.<\/p>\n<p style=\"text-align: justify;\">El perfil, que acumulaba m\u00e1s de 1.7 millones de seguidores, era una de las principales plataformas de difusi\u00f3n de informaci\u00f3n sobre personas desaparecidas en Sonora y otras regiones del pa\u00eds.<\/p>\n<p style=\"text-align: justify;\">A trav\u00e9s de su cuenta en X, Flores solicit\u00f3 la recuperaci\u00f3n del perfil, al subrayar que constituye una herramienta esencial para recibir y compartir datos en casos de desaparici\u00f3n. Actualmente, al intentar ingresar, la red social muestra el mensaje de que \u201cel contenido no est\u00e1 disponible en este momento\u201d.<\/p>\n<p style=\"text-align: justify;\">El colectivo fue fundado en 2019 por Flores, tras la desaparici\u00f3n de sus dos hijos, y re\u00fane a familiares de personas desaparecidas que realizan labores de b\u00fasqueda en campo, incluyendo la localizaci\u00f3n de fosas clandestinas y restos humanos.<\/p>\n","protected":false},"excerpt":{"rendered":"<p>Denuncian p\u00e9rdida de acceso a cuenta con 1.7 millones de seguidores. Sonora.- La activista Ceci Flores, fundadora del colectivo \u201cMadres Buscadoras de Sonora\u201d, denunci\u00f3 que la p\u00e1gina oficial del grupo en Facebook fue vulnerada, lo que impide el acceso a su contenido y publicaciones. El perfil, que acumulaba m\u00e1s de 1.7 millones de seguidores, era una de las principales plataformas de difusi\u00f3n de informaci\u00f3n sobre personas desaparecidas en Sonora y otras regiones del pa\u00eds. A trav\u00e9s de su cuenta en X, Flores solicit\u00f3 la recuperaci\u00f3n del perfil, al subrayar que constituye una herramienta esencial para recibir y compartir datos en [&hellip;]<\/p>\n","protected":false},"author":2,"featured_media":183882,"comment_status":"closed","ping_status":"closed","sticky":false,"template":"","format":"standard","meta":{"_monsterinsights_skip_tracking":false,"_monsterinsights_sitenote_active":false,"_monsterinsights_sitenote_note":"","_monsterinsights_sitenote_category":0,"footnotes":""},"categories":[46],"tags":[],"class_list":["post-183881","post","type-post","status-publish","format-standard","has-post-thumbnail","hentry","category-nacional","post--single"],"_links":{"self":[{"href":"https:\/\/canal7slp.tv\/2026\/wp-json\/wp\/v2\/posts\/183881","targetHints":{"allow":["GET"]}}],"collection":[{"href":"https:\/\/canal7slp.tv\/2026\/wp-json\/wp\/v2\/posts"}],"about":[{"href":"https:\/\/canal7slp.tv\/2026\/wp-json\/wp\/v2\/types\/post"}],"author":[{"embeddable":true,"href":"https:\/\/canal7slp.tv\/2026\/wp-json\/wp\/v2\/users\/2"}],"replies":[{"embeddable":true,"href":"https:\/\/canal7slp.tv\/2026\/wp-json\/wp\/v2\/comments?post=183881"}],"version-history":[{"count":1,"href":"https:\/\/canal7slp.tv\/2026\/wp-json\/wp\/v2\/posts\/183881\/revisions"}],"predecessor-version":[{"id":183883,"href":"https:\/\/canal7slp.tv\/2026\/wp-json\/wp\/v2\/posts\/183881\/revisions\/183883"}],"wp:featuredmedia":[{"embeddable":true,"href":"https:\/\/canal7slp.tv\/2026\/wp-json\/wp\/v2\/media\/183882"}],"wp:attachment":[{"href":"https:\/\/canal7slp.tv\/2026\/wp-json\/wp\/v2\/media?parent=183881"}],"wp:term":[{"taxonomy":"category","embeddable":true,"href":"https:\/\/canal7slp.tv\/2026\/wp-json\/wp\/v2\/categories?post=183881"},{"taxonomy":"post_tag","embeddable":true,"href":"https:\/\/canal7slp.tv\/2026\/wp-json\/wp\/v2\/tags?post=183881"}],"curies":[{"name":"wp","href":"https:\/\/api.w.org\/{rel}","templated":true}]}}