{"id":183873,"date":"2025-11-03T16:26:29","date_gmt":"2025-11-03T22:26:29","guid":{"rendered":"https:\/\/canal7slp.tv\/2026\/?p=183873"},"modified":"2025-11-03T16:26:29","modified_gmt":"2025-11-03T22:26:29","slug":"gobierno-de-el-salvador-desmiente-supuesta-ley-que-exigiria-pruebas-de-adn-para-registrar-recien-nacidos","status":"publish","type":"post","link":"https:\/\/canal7slp.tv\/2026\/gobierno-de-el-salvador-desmiente-supuesta-ley-que-exigiria-pruebas-de-adn-para-registrar-recien-nacidos\/","title":{"rendered":"Gobierno de El Salvador desmiente supuesta ley que exigir\u00eda pruebas de ADN para registrar reci\u00e9n nacidos"},"content":{"rendered":"<p style=\"text-align: justify;\">San Salvador.- La Secretar\u00eda de Prensa de la Presidencia de El Salvador emiti\u00f3 un comunicado oficial para desmentir la informaci\u00f3n que circul\u00f3 en redes sociales y algunos medios durante el fin de semana, en la que se afirmaba falsamente que el presidente Nayib Bukele hab\u00eda firmado una ley que obligaba a realizar pruebas de ADN para el registro civil de reci\u00e9n nacidos.<\/p>\n<p style=\"text-align: justify;\">\u201cEl Gobierno de El Salvador aclara que es totalmente falso que se haya aprobado una ley que exige la realizaci\u00f3n de pruebas ADN para registrar a los hijos, como parte de un supuesto Sistema de Verificaci\u00f3n Gen\u00e9tica en el Registro del Estado Familiar\u201d, se\u00f1al\u00f3 la dependencia en su comunicado.<\/p>\n<p style=\"text-align: justify;\">Las autoridades precisaron que no existe tal legislaci\u00f3n y advirtieron sobre la difusi\u00f3n de informaci\u00f3n sin consultar fuentes oficiales, recomendando a los medios y a la ciudadan\u00eda verificar los datos a trav\u00e9s de los canales institucionales antes de compartirlos.<\/p>\n<p style=\"text-align: justify;\">El desmentido ocurre luego de que circularan en plataformas digitales supuestas declaraciones atribuidas al mandatario, las cuales generaron debate p\u00fablico en el pa\u00eds.<\/p>\n<p style=\"text-align: justify;\">En un tema distinto, el gobierno salvadore\u00f1o s\u00ed confirm\u00f3 la reciente prohibici\u00f3n del uso del lenguaje inclusivo en las escuelas p\u00fablicas, medida establecida en un memorando emitido por la Ministra de Educaci\u00f3n en octubre.<\/p>\n","protected":false},"excerpt":{"rendered":"<p>San Salvador.- La Secretar\u00eda de Prensa de la Presidencia de El Salvador emiti\u00f3 un comunicado oficial para desmentir la informaci\u00f3n que circul\u00f3 en redes sociales y algunos medios durante el fin de semana, en la que se afirmaba falsamente que el presidente Nayib Bukele hab\u00eda firmado una ley que obligaba a realizar pruebas de ADN para el registro civil de reci\u00e9n nacidos. \u201cEl Gobierno de El Salvador aclara que es totalmente falso que se haya aprobado una ley que exige la realizaci\u00f3n de pruebas ADN para registrar a los hijos, como parte de un supuesto Sistema de Verificaci\u00f3n Gen\u00e9tica en [&hellip;]<\/p>\n","protected":false},"author":2,"featured_media":183874,"comment_status":"closed","ping_status":"closed","sticky":false,"template":"","format":"standard","meta":{"_monsterinsights_skip_tracking":false,"_monsterinsights_sitenote_active":false,"_monsterinsights_sitenote_note":"","_monsterinsights_sitenote_category":0,"footnotes":""},"categories":[44],"tags":[],"class_list":["post-183873","post","type-post","status-publish","format-standard","has-post-thumbnail","hentry","category-internacional","post--single"],"_links":{"self":[{"href":"https:\/\/canal7slp.tv\/2026\/wp-json\/wp\/v2\/posts\/183873","targetHints":{"allow":["GET"]}}],"collection":[{"href":"https:\/\/canal7slp.tv\/2026\/wp-json\/wp\/v2\/posts"}],"about":[{"href":"https:\/\/canal7slp.tv\/2026\/wp-json\/wp\/v2\/types\/post"}],"author":[{"embeddable":true,"href":"https:\/\/canal7slp.tv\/2026\/wp-json\/wp\/v2\/users\/2"}],"replies":[{"embeddable":true,"href":"https:\/\/canal7slp.tv\/2026\/wp-json\/wp\/v2\/comments?post=183873"}],"version-history":[{"count":1,"href":"https:\/\/canal7slp.tv\/2026\/wp-json\/wp\/v2\/posts\/183873\/revisions"}],"predecessor-version":[{"id":183875,"href":"https:\/\/canal7slp.tv\/2026\/wp-json\/wp\/v2\/posts\/183873\/revisions\/183875"}],"wp:featuredmedia":[{"embeddable":true,"href":"https:\/\/canal7slp.tv\/2026\/wp-json\/wp\/v2\/media\/183874"}],"wp:attachment":[{"href":"https:\/\/canal7slp.tv\/2026\/wp-json\/wp\/v2\/media?parent=183873"}],"wp:term":[{"taxonomy":"category","embeddable":true,"href":"https:\/\/canal7slp.tv\/2026\/wp-json\/wp\/v2\/categories?post=183873"},{"taxonomy":"post_tag","embeddable":true,"href":"https:\/\/canal7slp.tv\/2026\/wp-json\/wp\/v2\/tags?post=183873"}],"curies":[{"name":"wp","href":"https:\/\/api.w.org\/{rel}","templated":true}]}}