{"id":183870,"date":"2025-11-03T16:14:33","date_gmt":"2025-11-03T22:14:33","guid":{"rendered":"https:\/\/canal7slp.tv\/2026\/?p=183870"},"modified":"2025-11-03T16:14:33","modified_gmt":"2025-11-03T22:14:33","slug":"haiti-declara-estado-de-emergencia-por-tres-meses-tras-el-paso-del-huracan-melissa","status":"publish","type":"post","link":"https:\/\/canal7slp.tv\/2026\/haiti-declara-estado-de-emergencia-por-tres-meses-tras-el-paso-del-huracan-melissa\/","title":{"rendered":"Hait\u00ed declara estado de emergencia por tres meses tras el paso del hurac\u00e1n \u201cMelissa\u201d"},"content":{"rendered":"<p style=\"text-align: justify;\">Puerto Pr\u00edncipe.- El Gobierno de Hait\u00ed decret\u00f3 estado de emergencia por un periodo de tres meses en seis departamentos del pa\u00eds, luego de los graves da\u00f1os ocasionados por las lluvias asociadas al hurac\u00e1n Melissa. La medida aplica para las regiones del Sur, Sudeste, Grand&#8217;Anse, Nippes, Oeste y Noroeste.<\/p>\n<p style=\"text-align: justify;\">De acuerdo con el comunicado oficial emitido por la oficina del primer ministro, el balance preliminar de afectaciones asciende a 31 personas fallecidas y 21 desaparecidas, adem\u00e1s de da\u00f1os severos a la infraestructura y viviendas en varias localidades.<\/p>\n<p style=\"text-align: justify;\">El gobierno tambi\u00e9n declar\u00f3 tres d\u00edas de duelo nacional, durante los cuales la bandera ondear\u00e1 a media asta y se suspender\u00e1n actividades recreativas y de entretenimiento. Asimismo, los medios de comunicaci\u00f3n fueron exhortados a ajustar su programaci\u00f3n al contexto de emergencia.<\/p>\n<p style=\"text-align: justify;\">La declaratoria busca agilizar las labores de rescate, asistencia humanitaria y restablecimiento de servicios b\u00e1sicos en las zonas m\u00e1s afectadas, mientras contin\u00faan las evaluaciones de da\u00f1os por parte de las autoridades.<\/p>\n","protected":false},"excerpt":{"rendered":"<p>Puerto Pr\u00edncipe.- El Gobierno de Hait\u00ed decret\u00f3 estado de emergencia por un periodo de tres meses en seis departamentos del pa\u00eds, luego de los graves da\u00f1os ocasionados por las lluvias asociadas al hurac\u00e1n Melissa. La medida aplica para las regiones del Sur, Sudeste, Grand&#8217;Anse, Nippes, Oeste y Noroeste. De acuerdo con el comunicado oficial emitido por la oficina del primer ministro, el balance preliminar de afectaciones asciende a 31 personas fallecidas y 21 desaparecidas, adem\u00e1s de da\u00f1os severos a la infraestructura y viviendas en varias localidades. El gobierno tambi\u00e9n declar\u00f3 tres d\u00edas de duelo nacional, durante los cuales la bandera [&hellip;]<\/p>\n","protected":false},"author":2,"featured_media":183871,"comment_status":"closed","ping_status":"closed","sticky":false,"template":"","format":"standard","meta":{"_monsterinsights_skip_tracking":false,"_monsterinsights_sitenote_active":false,"_monsterinsights_sitenote_note":"","_monsterinsights_sitenote_category":0,"footnotes":""},"categories":[44],"tags":[],"class_list":["post-183870","post","type-post","status-publish","format-standard","has-post-thumbnail","hentry","category-internacional","post--single"],"_links":{"self":[{"href":"https:\/\/canal7slp.tv\/2026\/wp-json\/wp\/v2\/posts\/183870","targetHints":{"allow":["GET"]}}],"collection":[{"href":"https:\/\/canal7slp.tv\/2026\/wp-json\/wp\/v2\/posts"}],"about":[{"href":"https:\/\/canal7slp.tv\/2026\/wp-json\/wp\/v2\/types\/post"}],"author":[{"embeddable":true,"href":"https:\/\/canal7slp.tv\/2026\/wp-json\/wp\/v2\/users\/2"}],"replies":[{"embeddable":true,"href":"https:\/\/canal7slp.tv\/2026\/wp-json\/wp\/v2\/comments?post=183870"}],"version-history":[{"count":1,"href":"https:\/\/canal7slp.tv\/2026\/wp-json\/wp\/v2\/posts\/183870\/revisions"}],"predecessor-version":[{"id":183872,"href":"https:\/\/canal7slp.tv\/2026\/wp-json\/wp\/v2\/posts\/183870\/revisions\/183872"}],"wp:featuredmedia":[{"embeddable":true,"href":"https:\/\/canal7slp.tv\/2026\/wp-json\/wp\/v2\/media\/183871"}],"wp:attachment":[{"href":"https:\/\/canal7slp.tv\/2026\/wp-json\/wp\/v2\/media?parent=183870"}],"wp:term":[{"taxonomy":"category","embeddable":true,"href":"https:\/\/canal7slp.tv\/2026\/wp-json\/wp\/v2\/categories?post=183870"},{"taxonomy":"post_tag","embeddable":true,"href":"https:\/\/canal7slp.tv\/2026\/wp-json\/wp\/v2\/tags?post=183870"}],"curies":[{"name":"wp","href":"https:\/\/api.w.org\/{rel}","templated":true}]}}