{"id":183838,"date":"2025-11-03T14:07:14","date_gmt":"2025-11-03T20:07:14","guid":{"rendered":"https:\/\/canal7slp.tv\/2026\/?p=183838"},"modified":"2025-11-03T14:07:14","modified_gmt":"2025-11-03T20:07:14","slug":"garcia-harfuch-descarta-vinculos-criminales-de-escoltas-del-alcalde-de-uruapan","status":"publish","type":"post","link":"https:\/\/canal7slp.tv\/2026\/garcia-harfuch-descarta-vinculos-criminales-de-escoltas-del-alcalde-de-uruapan\/","title":{"rendered":"Garc\u00eda Harfuch descarta v\u00ednculos criminales de escoltas del alcalde de Uruapan"},"content":{"rendered":"<p style=\"text-align: justify;\">\n<p style=\"text-align: justify;\">Ciudad de M\u00e9xico.- El titular de la Secretar\u00eda de Seguridad y Protecci\u00f3n Ciudadana (SSPC), Omar Garc\u00eda Harfuch, inform\u00f3 que no existen indicios que vinculen a los escoltas del alcalde de Uruapan, Carlos Manzo Rodr\u00edguez, con grupos delictivos.<\/p>\n<p style=\"text-align: justify;\">Durante la conferencia matutina presidencial, el funcionario explic\u00f3 que, seg\u00fan los avances de la investigaci\u00f3n, uno de los elementos de seguridad municipal abati\u00f3 al agresor durante el ataque en el que perdi\u00f3 la vida el edil.<\/p>\n<p style=\"text-align: justify;\">Garc\u00eda Harfuch detall\u00f3 que se cuenta con material audiovisual captado por c\u00e1maras cercanas al lugar, actualmente analizado por equipos de investigaci\u00f3n federales y estatales. A\u00f1adi\u00f3 que, por instrucci\u00f3n de la presidenta Claudia Sheinbaum, se reforzar\u00e1n los operativos de seguridad en Michoac\u00e1n, en coordinaci\u00f3n con la Secretar\u00eda de la Defensa Nacional (Sedena), la Guardia Nacional y la Marina.<\/p>\n<p style=\"text-align: justify;\">El titular de la Sedena, Ricardo Trevilla Trejo, se\u00f1al\u00f3 que el esquema de protecci\u00f3n del alcalde fue definido en conjunto con \u00e9l mismo, quien opt\u00f3 por una seguridad inmediata a cargo de polic\u00edas municipales de su confianza, mientras la Guardia Nacional brindaba vigilancia perif\u00e9rica.<\/p>\n<p style=\"text-align: justify;\">Respecto al ofrecimiento de cooperaci\u00f3n del subsecretario de Estado de Estados Unidos, Christopher Landau, Garc\u00eda Harfuch afirm\u00f3 que el gobierno mexicano recibe con apertura la colaboraci\u00f3n bilateral en materia de seguridad.<\/p>\n<p style=\"text-align: justify;\">\u201cPor supuesto la recibimos, como en este o en cualquier otro caso; trabajamos con una estrecha colaboraci\u00f3n con ellos en intercambio de informaci\u00f3n\u201d, expres\u00f3.<\/p>\n","protected":false},"excerpt":{"rendered":"<p>Ciudad de M\u00e9xico.- El titular de la Secretar\u00eda de Seguridad y Protecci\u00f3n Ciudadana (SSPC), Omar Garc\u00eda Harfuch, inform\u00f3 que no existen indicios que vinculen a los escoltas del alcalde de Uruapan, Carlos Manzo Rodr\u00edguez, con grupos delictivos. Durante la conferencia matutina presidencial, el funcionario explic\u00f3 que, seg\u00fan los avances de la investigaci\u00f3n, uno de los elementos de seguridad municipal abati\u00f3 al agresor durante el ataque en el que perdi\u00f3 la vida el edil. Garc\u00eda Harfuch detall\u00f3 que se cuenta con material audiovisual captado por c\u00e1maras cercanas al lugar, actualmente analizado por equipos de investigaci\u00f3n federales y estatales. A\u00f1adi\u00f3 que, por [&hellip;]<\/p>\n","protected":false},"author":2,"featured_media":183839,"comment_status":"closed","ping_status":"closed","sticky":false,"template":"","format":"standard","meta":{"_monsterinsights_skip_tracking":false,"_monsterinsights_sitenote_active":false,"_monsterinsights_sitenote_note":"","_monsterinsights_sitenote_category":0,"footnotes":""},"categories":[46],"tags":[],"class_list":["post-183838","post","type-post","status-publish","format-standard","has-post-thumbnail","hentry","category-nacional","post--single"],"_links":{"self":[{"href":"https:\/\/canal7slp.tv\/2026\/wp-json\/wp\/v2\/posts\/183838","targetHints":{"allow":["GET"]}}],"collection":[{"href":"https:\/\/canal7slp.tv\/2026\/wp-json\/wp\/v2\/posts"}],"about":[{"href":"https:\/\/canal7slp.tv\/2026\/wp-json\/wp\/v2\/types\/post"}],"author":[{"embeddable":true,"href":"https:\/\/canal7slp.tv\/2026\/wp-json\/wp\/v2\/users\/2"}],"replies":[{"embeddable":true,"href":"https:\/\/canal7slp.tv\/2026\/wp-json\/wp\/v2\/comments?post=183838"}],"version-history":[{"count":1,"href":"https:\/\/canal7slp.tv\/2026\/wp-json\/wp\/v2\/posts\/183838\/revisions"}],"predecessor-version":[{"id":183840,"href":"https:\/\/canal7slp.tv\/2026\/wp-json\/wp\/v2\/posts\/183838\/revisions\/183840"}],"wp:featuredmedia":[{"embeddable":true,"href":"https:\/\/canal7slp.tv\/2026\/wp-json\/wp\/v2\/media\/183839"}],"wp:attachment":[{"href":"https:\/\/canal7slp.tv\/2026\/wp-json\/wp\/v2\/media?parent=183838"}],"wp:term":[{"taxonomy":"category","embeddable":true,"href":"https:\/\/canal7slp.tv\/2026\/wp-json\/wp\/v2\/categories?post=183838"},{"taxonomy":"post_tag","embeddable":true,"href":"https:\/\/canal7slp.tv\/2026\/wp-json\/wp\/v2\/tags?post=183838"}],"curies":[{"name":"wp","href":"https:\/\/api.w.org\/{rel}","templated":true}]}}