{"id":183835,"date":"2025-11-03T14:00:34","date_gmt":"2025-11-03T20:00:34","guid":{"rendered":"https:\/\/canal7slp.tv\/2026\/?p=183835"},"modified":"2025-11-03T14:00:34","modified_gmt":"2025-11-03T20:00:34","slug":"sep-entregara-dos-millones-de-lentes-gratuitos-a-estudiantes-de-primaria","status":"publish","type":"post","link":"https:\/\/canal7slp.tv\/2026\/sep-entregara-dos-millones-de-lentes-gratuitos-a-estudiantes-de-primaria\/","title":{"rendered":"SEP entregar\u00e1 dos millones de lentes gratuitos a estudiantes de primaria"},"content":{"rendered":"<p style=\"text-align: justify;\">M\u00e9xico.- La Secretar\u00eda de Educaci\u00f3n P\u00fablica (SEP) anunci\u00f3 la puesta en marcha del programa \u201cVer para so\u00f1ar\u201d, con el cual se distribuir\u00e1n dos millones de lentes gratuitos a estudiantes de primarias p\u00fablicas durante el ciclo escolar 2025-2026.<\/p>\n<p style=\"text-align: justify;\">La iniciativa surge tras los resultados de las Jornadas de Salud realizadas dentro de la estrategia nacional \u201cVive saludable, vive feliz\u201d, donde se detect\u00f3 que cuatro de cada diez alumnos presentan problemas de agudeza visual.<\/p>\n<p style=\"text-align: justify;\">De acuerdo con la SEP, el programa busca garantizar que los problemas visuales no afecten el rendimiento acad\u00e9mico de los estudiantes, atendiendo a la mayor\u00eda de quienes requieren apoyo \u00f3ptico.<\/p>\n<p style=\"text-align: justify;\">Las autoridades educativas hicieron un llamado a los padres de familia cuyos hijos hayan recibido un informe por alteraciones visuales, para que acudan a una cl\u00ednica a realizar una valoraci\u00f3n optom\u00e9trica y, en caso necesario, reciban los lentes sin costo.<\/p>\n<p style=\"text-align: justify;\">La dependencia subray\u00f3 que esta medida elimina barreras de aprendizaje y promueve la equidad educativa, al reiterar que \u201cning\u00fan ni\u00f1o debe quedarse atr\u00e1s por esta causa\u201d.<\/p>\n","protected":false},"excerpt":{"rendered":"<p>M\u00e9xico.- La Secretar\u00eda de Educaci\u00f3n P\u00fablica (SEP) anunci\u00f3 la puesta en marcha del programa \u201cVer para so\u00f1ar\u201d, con el cual se distribuir\u00e1n dos millones de lentes gratuitos a estudiantes de primarias p\u00fablicas durante el ciclo escolar 2025-2026. La iniciativa surge tras los resultados de las Jornadas de Salud realizadas dentro de la estrategia nacional \u201cVive saludable, vive feliz\u201d, donde se detect\u00f3 que cuatro de cada diez alumnos presentan problemas de agudeza visual. De acuerdo con la SEP, el programa busca garantizar que los problemas visuales no afecten el rendimiento acad\u00e9mico de los estudiantes, atendiendo a la mayor\u00eda de quienes requieren [&hellip;]<\/p>\n","protected":false},"author":2,"featured_media":183836,"comment_status":"closed","ping_status":"closed","sticky":false,"template":"","format":"standard","meta":{"_monsterinsights_skip_tracking":false,"_monsterinsights_sitenote_active":false,"_monsterinsights_sitenote_note":"","_monsterinsights_sitenote_category":0,"footnotes":""},"categories":[46],"tags":[],"class_list":["post-183835","post","type-post","status-publish","format-standard","has-post-thumbnail","hentry","category-nacional","post--single"],"_links":{"self":[{"href":"https:\/\/canal7slp.tv\/2026\/wp-json\/wp\/v2\/posts\/183835","targetHints":{"allow":["GET"]}}],"collection":[{"href":"https:\/\/canal7slp.tv\/2026\/wp-json\/wp\/v2\/posts"}],"about":[{"href":"https:\/\/canal7slp.tv\/2026\/wp-json\/wp\/v2\/types\/post"}],"author":[{"embeddable":true,"href":"https:\/\/canal7slp.tv\/2026\/wp-json\/wp\/v2\/users\/2"}],"replies":[{"embeddable":true,"href":"https:\/\/canal7slp.tv\/2026\/wp-json\/wp\/v2\/comments?post=183835"}],"version-history":[{"count":1,"href":"https:\/\/canal7slp.tv\/2026\/wp-json\/wp\/v2\/posts\/183835\/revisions"}],"predecessor-version":[{"id":183837,"href":"https:\/\/canal7slp.tv\/2026\/wp-json\/wp\/v2\/posts\/183835\/revisions\/183837"}],"wp:featuredmedia":[{"embeddable":true,"href":"https:\/\/canal7slp.tv\/2026\/wp-json\/wp\/v2\/media\/183836"}],"wp:attachment":[{"href":"https:\/\/canal7slp.tv\/2026\/wp-json\/wp\/v2\/media?parent=183835"}],"wp:term":[{"taxonomy":"category","embeddable":true,"href":"https:\/\/canal7slp.tv\/2026\/wp-json\/wp\/v2\/categories?post=183835"},{"taxonomy":"post_tag","embeddable":true,"href":"https:\/\/canal7slp.tv\/2026\/wp-json\/wp\/v2\/tags?post=183835"}],"curies":[{"name":"wp","href":"https:\/\/api.w.org\/{rel}","templated":true}]}}