{"id":183802,"date":"2025-11-02T14:27:24","date_gmt":"2025-11-02T20:27:24","guid":{"rendered":"https:\/\/canal7slp.tv\/2026\/?p=183802"},"modified":"2025-11-02T14:27:24","modified_gmt":"2025-11-02T20:27:24","slug":"fiscalia-de-michoacan-confirma-muerte-de-un-atacante-y-dos-detenidos-por-asesinato-manzo-rodriguez","status":"publish","type":"post","link":"https:\/\/canal7slp.tv\/2026\/fiscalia-de-michoacan-confirma-muerte-de-un-atacante-y-dos-detenidos-por-asesinato-manzo-rodriguez\/","title":{"rendered":"Fiscal\u00eda de Michoac\u00e1n confirma muerte de un atacante y dos detenidos por asesinato Manzo Rodr\u00edguez"},"content":{"rendered":"<p style=\"text-align: justify;\">Uruapan.- La Fiscal\u00eda General del Estado (FGE) inform\u00f3 que, tras el ataque en el que fue asesinado el presidente municipal de Uruapan, Carlos Manzo Rodr\u00edguez, uno de los presuntos agresores muri\u00f3 durante el enfrentamiento y otras dos personas fueron detenidas por su probable participaci\u00f3n en los hechos.<\/p>\n<p style=\"text-align: justify;\">El atentado ocurri\u00f3 la noche del s\u00e1bado 1 de noviembre, poco despu\u00e9s de que el edil concluyera un evento p\u00fablico con motivo del D\u00eda de Muertos. De acuerdo con el fiscal Carlos Torres Pi\u00f1a, durante el intercambio de disparos uno de los atacantes perdi\u00f3 la vida y se asegur\u00f3 un arma de fuego calibre 9 mil\u00edmetros.<\/p>\n<p style=\"text-align: justify;\">El alcalde falleci\u00f3 en un hospital local a consecuencia de las heridas sufridas. En el ataque tambi\u00e9n result\u00f3 lesionado un regidor, quien se reporta fuera de peligro.<\/p>\n<p style=\"text-align: justify;\">Las autoridades estatales confirmaron que se han iniciado las investigaciones correspondientes para esclarecer el crimen. En tanto, la Presidenta Claudia Sheinbaum convoc\u00f3 a una reuni\u00f3n extraordinaria del Gabinete de Seguridad para analizar el caso y garantizar la coordinaci\u00f3n con el gobierno de Michoac\u00e1n.<\/p>\n<p style=\"text-align: justify;\">Carlos Manzo, quien gobernaba como alcalde independiente, hab\u00eda solicitado en diversas ocasiones mayor apoyo federal para fortalecer la seguridad en Uruapan, una de las zonas m\u00e1s afectadas por la presencia del crimen organizado.<\/p>\n<p style=\"text-align: justify;\">\n","protected":false},"excerpt":{"rendered":"<p>Uruapan.- La Fiscal\u00eda General del Estado (FGE) inform\u00f3 que, tras el ataque en el que fue asesinado el presidente municipal de Uruapan, Carlos Manzo Rodr\u00edguez, uno de los presuntos agresores muri\u00f3 durante el enfrentamiento y otras dos personas fueron detenidas por su probable participaci\u00f3n en los hechos. El atentado ocurri\u00f3 la noche del s\u00e1bado 1 de noviembre, poco despu\u00e9s de que el edil concluyera un evento p\u00fablico con motivo del D\u00eda de Muertos. De acuerdo con el fiscal Carlos Torres Pi\u00f1a, durante el intercambio de disparos uno de los atacantes perdi\u00f3 la vida y se asegur\u00f3 un arma de fuego [&hellip;]<\/p>\n","protected":false},"author":2,"featured_media":183803,"comment_status":"closed","ping_status":"closed","sticky":false,"template":"","format":"standard","meta":{"_monsterinsights_skip_tracking":false,"_monsterinsights_sitenote_active":false,"_monsterinsights_sitenote_note":"","_monsterinsights_sitenote_category":0,"footnotes":""},"categories":[46],"tags":[],"class_list":["post-183802","post","type-post","status-publish","format-standard","has-post-thumbnail","hentry","category-nacional","post--single"],"_links":{"self":[{"href":"https:\/\/canal7slp.tv\/2026\/wp-json\/wp\/v2\/posts\/183802","targetHints":{"allow":["GET"]}}],"collection":[{"href":"https:\/\/canal7slp.tv\/2026\/wp-json\/wp\/v2\/posts"}],"about":[{"href":"https:\/\/canal7slp.tv\/2026\/wp-json\/wp\/v2\/types\/post"}],"author":[{"embeddable":true,"href":"https:\/\/canal7slp.tv\/2026\/wp-json\/wp\/v2\/users\/2"}],"replies":[{"embeddable":true,"href":"https:\/\/canal7slp.tv\/2026\/wp-json\/wp\/v2\/comments?post=183802"}],"version-history":[{"count":1,"href":"https:\/\/canal7slp.tv\/2026\/wp-json\/wp\/v2\/posts\/183802\/revisions"}],"predecessor-version":[{"id":183804,"href":"https:\/\/canal7slp.tv\/2026\/wp-json\/wp\/v2\/posts\/183802\/revisions\/183804"}],"wp:featuredmedia":[{"embeddable":true,"href":"https:\/\/canal7slp.tv\/2026\/wp-json\/wp\/v2\/media\/183803"}],"wp:attachment":[{"href":"https:\/\/canal7slp.tv\/2026\/wp-json\/wp\/v2\/media?parent=183802"}],"wp:term":[{"taxonomy":"category","embeddable":true,"href":"https:\/\/canal7slp.tv\/2026\/wp-json\/wp\/v2\/categories?post=183802"},{"taxonomy":"post_tag","embeddable":true,"href":"https:\/\/canal7slp.tv\/2026\/wp-json\/wp\/v2\/tags?post=183802"}],"curies":[{"name":"wp","href":"https:\/\/api.w.org\/{rel}","templated":true}]}}