{"id":183799,"date":"2025-11-02T14:15:06","date_gmt":"2025-11-02T20:15:06","guid":{"rendered":"https:\/\/canal7slp.tv\/2026\/?p=183799"},"modified":"2025-11-02T21:51:31","modified_gmt":"2025-11-03T03:51:31","slug":"explosion-en-tienda-de-descuentos-en-sonora-deja-23-muertos-y-11-heridos","status":"publish","type":"post","link":"https:\/\/canal7slp.tv\/2026\/explosion-en-tienda-de-descuentos-en-sonora-deja-23-muertos-y-11-heridos\/","title":{"rendered":"Explosi\u00f3n en tienda de descuentos en Sonora deja 23 muertos y 11 heridos"},"content":{"rendered":"<p style=\"text-align: justify;\">\n<p style=\"text-align: justify;\">Sonora.- Una fuerte explosi\u00f3n ocurrida la tarde del s\u00e1bado 1 de noviembre en una tienda de la cadena Waldo\u2019s, ubicada en el centro de Hermosillo, provoc\u00f3 un incendio que dej\u00f3 23 personas fallecidas y al menos 11 heridas, informaron autoridades estatales. Entre las v\u00edctimas se reportan menores de edad.<\/p>\n<p style=\"text-align: justify;\">El siniestro se registr\u00f3 alrededor de las 15:00 horas, cuando una detonaci\u00f3n originada en la entrada del establecimiento desencaden\u00f3 un incendio que se propag\u00f3 r\u00e1pidamente, dejando a varias personas atrapadas en el interior.<\/p>\n<p style=\"text-align: justify;\">Elementos de Bomberos, Polic\u00eda Municipal y Protecci\u00f3n Civil acudieron al lugar para sofocar las llamas y rescatar a los afectados. La Secretar\u00eda de Seguridad P\u00fablica del Estado descart\u00f3 que se tratara de un atentado, mientras contin\u00faan las investigaciones para esclarecer el origen de la explosi\u00f3n.<\/p>\n<p style=\"text-align: justify;\">La Fiscal\u00eda de Sonora confirm\u00f3 el n\u00famero de v\u00edctimas y detall\u00f3 que se analizan diversas hip\u00f3tesis, entre ellas posibles fallas mec\u00e1nicas en veh\u00edculos cercanos o la presencia de materiales inflamables en el \u00e1rea.<\/p>\n<p style=\"text-align: justify;\">El gobernador Alfonso Durazo expres\u00f3 sus condolencias a las familias de las v\u00edctimas y asegur\u00f3 que el gobierno estatal brindar\u00e1 apoyo integral a los afectados.<\/p>\n","protected":false},"excerpt":{"rendered":"<p>Sonora.- Una fuerte explosi\u00f3n ocurrida la tarde del s\u00e1bado 1 de noviembre en una tienda de la cadena Waldo\u2019s, ubicada en el centro de Hermosillo, provoc\u00f3 un incendio que dej\u00f3 23 personas fallecidas y al menos 11 heridas, informaron autoridades estatales. Entre las v\u00edctimas se reportan menores de edad. El siniestro se registr\u00f3 alrededor de las 15:00 horas, cuando una detonaci\u00f3n originada en la entrada del establecimiento desencaden\u00f3 un incendio que se propag\u00f3 r\u00e1pidamente, dejando a varias personas atrapadas en el interior. Elementos de Bomberos, Polic\u00eda Municipal y Protecci\u00f3n Civil acudieron al lugar para sofocar las llamas y rescatar a [&hellip;]<\/p>\n","protected":false},"author":2,"featured_media":183800,"comment_status":"closed","ping_status":"closed","sticky":false,"template":"","format":"standard","meta":{"_monsterinsights_skip_tracking":false,"_monsterinsights_sitenote_active":false,"_monsterinsights_sitenote_note":"","_monsterinsights_sitenote_category":0,"footnotes":""},"categories":[46],"tags":[],"class_list":["post-183799","post","type-post","status-publish","format-standard","has-post-thumbnail","hentry","category-nacional","post--single"],"_links":{"self":[{"href":"https:\/\/canal7slp.tv\/2026\/wp-json\/wp\/v2\/posts\/183799","targetHints":{"allow":["GET"]}}],"collection":[{"href":"https:\/\/canal7slp.tv\/2026\/wp-json\/wp\/v2\/posts"}],"about":[{"href":"https:\/\/canal7slp.tv\/2026\/wp-json\/wp\/v2\/types\/post"}],"author":[{"embeddable":true,"href":"https:\/\/canal7slp.tv\/2026\/wp-json\/wp\/v2\/users\/2"}],"replies":[{"embeddable":true,"href":"https:\/\/canal7slp.tv\/2026\/wp-json\/wp\/v2\/comments?post=183799"}],"version-history":[{"count":1,"href":"https:\/\/canal7slp.tv\/2026\/wp-json\/wp\/v2\/posts\/183799\/revisions"}],"predecessor-version":[{"id":183801,"href":"https:\/\/canal7slp.tv\/2026\/wp-json\/wp\/v2\/posts\/183799\/revisions\/183801"}],"wp:featuredmedia":[{"embeddable":true,"href":"https:\/\/canal7slp.tv\/2026\/wp-json\/wp\/v2\/media\/183800"}],"wp:attachment":[{"href":"https:\/\/canal7slp.tv\/2026\/wp-json\/wp\/v2\/media?parent=183799"}],"wp:term":[{"taxonomy":"category","embeddable":true,"href":"https:\/\/canal7slp.tv\/2026\/wp-json\/wp\/v2\/categories?post=183799"},{"taxonomy":"post_tag","embeddable":true,"href":"https:\/\/canal7slp.tv\/2026\/wp-json\/wp\/v2\/tags?post=183799"}],"curies":[{"name":"wp","href":"https:\/\/api.w.org\/{rel}","templated":true}]}}