{"id":183793,"date":"2025-11-02T13:46:02","date_gmt":"2025-11-02T19:46:02","guid":{"rendered":"https:\/\/canal7slp.tv\/2026\/?p=183793"},"modified":"2025-11-02T13:46:02","modified_gmt":"2025-11-02T19:46:02","slug":"sheinbaum-condena-asesinato-del-alcalde-de-uruapan","status":"publish","type":"post","link":"https:\/\/canal7slp.tv\/2026\/sheinbaum-condena-asesinato-del-alcalde-de-uruapan\/","title":{"rendered":"Sheinbaum condena asesinato del alcalde de Uruapan"},"content":{"rendered":"<p>&nbsp;<\/p>\n<ul>\n<li>Promete castigo a los responsables.<\/li>\n<\/ul>\n<p>M\u00e9xico.- La presidenta Claudia Sheinbaum conden\u00f3 el asesinato de Carlos Alberto Manzo Rodr\u00edguez, presidente municipal de Uruapan, Michoac\u00e1n, ocurrido la noche del s\u00e1bado durante las celebraciones del D\u00eda de Muertos.<\/p>\n<p>A trav\u00e9s de un comunicado difundido en sus redes sociales oficiales, la mandataria expres\u00f3 sus condolencias a la familia del edil y a los habitantes de Uruapan, y asegur\u00f3 que el Gobierno de M\u00e9xico trabajar\u00e1 para evitar la impunidad en este caso.<\/p>\n<p>Sheinbaum inform\u00f3 que sostuvo comunicaci\u00f3n con el gobernador de Michoac\u00e1n y con el secretario de Seguridad y Protecci\u00f3n Ciudadana, Omar Garc\u00eda Harfuch, quien mantiene coordinaci\u00f3n con la Fiscal\u00eda General del Estado para dar seguimiento a las investigaciones.<\/p>\n<p>La presidenta detall\u00f3 que el alcalde contaba con protecci\u00f3n federal y que los mandos territoriales de la Secretar\u00eda de la Defensa Nacional y la Guardia Nacional manten\u00edan comunicaci\u00f3n constante con \u00e9l. Adem\u00e1s, anunci\u00f3 que se convocar\u00e1 a una reuni\u00f3n del Gabinete de Seguridad para garantizar apoyo al gobierno estatal y que se informar\u00e1 \u201ccon transparencia los avances en la indagatoria\u201d.<\/p>\n<p>La Secretar\u00eda de Seguridad y Protecci\u00f3n Ciudadana (SSPC) realizar\u00e1 una rueda de prensa este domingo 2 de noviembre, en la que se prev\u00e9 aborde el caso y ofrezca informaci\u00f3n actualizada sobre las detenciones y l\u00edneas de investigaci\u00f3n.<\/p>\n<p>El ataque ocurri\u00f3 cuando el edil inauguraba el Festival de Velas en la plaza principal de Uruapan. En la agresi\u00f3n resultaron heridos el regidor V\u00edctor Saladitas, una empleada municipal y un escolta del alcalde.<\/p>\n<p>&nbsp;<\/p>\n","protected":false},"excerpt":{"rendered":"<p>&nbsp; Promete castigo a los responsables. M\u00e9xico.- La presidenta Claudia Sheinbaum conden\u00f3 el asesinato de Carlos Alberto Manzo Rodr\u00edguez, presidente municipal de Uruapan, Michoac\u00e1n, ocurrido la noche del s\u00e1bado durante las celebraciones del D\u00eda de Muertos. A trav\u00e9s de un comunicado difundido en sus redes sociales oficiales, la mandataria expres\u00f3 sus condolencias a la familia del edil y a los habitantes de Uruapan, y asegur\u00f3 que el Gobierno de M\u00e9xico trabajar\u00e1 para evitar la impunidad en este caso. Sheinbaum inform\u00f3 que sostuvo comunicaci\u00f3n con el gobernador de Michoac\u00e1n y con el secretario de Seguridad y Protecci\u00f3n Ciudadana, Omar Garc\u00eda Harfuch, [&hellip;]<\/p>\n","protected":false},"author":2,"featured_media":183794,"comment_status":"closed","ping_status":"closed","sticky":false,"template":"","format":"standard","meta":{"_monsterinsights_skip_tracking":false,"_monsterinsights_sitenote_active":false,"_monsterinsights_sitenote_note":"","_monsterinsights_sitenote_category":0,"footnotes":""},"categories":[46],"tags":[],"class_list":["post-183793","post","type-post","status-publish","format-standard","has-post-thumbnail","hentry","category-nacional","post--single"],"_links":{"self":[{"href":"https:\/\/canal7slp.tv\/2026\/wp-json\/wp\/v2\/posts\/183793","targetHints":{"allow":["GET"]}}],"collection":[{"href":"https:\/\/canal7slp.tv\/2026\/wp-json\/wp\/v2\/posts"}],"about":[{"href":"https:\/\/canal7slp.tv\/2026\/wp-json\/wp\/v2\/types\/post"}],"author":[{"embeddable":true,"href":"https:\/\/canal7slp.tv\/2026\/wp-json\/wp\/v2\/users\/2"}],"replies":[{"embeddable":true,"href":"https:\/\/canal7slp.tv\/2026\/wp-json\/wp\/v2\/comments?post=183793"}],"version-history":[{"count":1,"href":"https:\/\/canal7slp.tv\/2026\/wp-json\/wp\/v2\/posts\/183793\/revisions"}],"predecessor-version":[{"id":183795,"href":"https:\/\/canal7slp.tv\/2026\/wp-json\/wp\/v2\/posts\/183793\/revisions\/183795"}],"wp:featuredmedia":[{"embeddable":true,"href":"https:\/\/canal7slp.tv\/2026\/wp-json\/wp\/v2\/media\/183794"}],"wp:attachment":[{"href":"https:\/\/canal7slp.tv\/2026\/wp-json\/wp\/v2\/media?parent=183793"}],"wp:term":[{"taxonomy":"category","embeddable":true,"href":"https:\/\/canal7slp.tv\/2026\/wp-json\/wp\/v2\/categories?post=183793"},{"taxonomy":"post_tag","embeddable":true,"href":"https:\/\/canal7slp.tv\/2026\/wp-json\/wp\/v2\/tags?post=183793"}],"curies":[{"name":"wp","href":"https:\/\/api.w.org\/{rel}","templated":true}]}}