{"id":183787,"date":"2025-11-02T13:30:50","date_gmt":"2025-11-02T19:30:50","guid":{"rendered":"https:\/\/canal7slp.tv\/2026\/?p=183787"},"modified":"2025-11-02T13:30:50","modified_gmt":"2025-11-02T19:30:50","slug":"alcalde-de-uruapan-muere-durante-un-ataque-en-el-centro-de-la-ciudad","status":"publish","type":"post","link":"https:\/\/canal7slp.tv\/2026\/alcalde-de-uruapan-muere-durante-un-ataque-en-el-centro-de-la-ciudad\/","title":{"rendered":"Alcalde de Uruapan muere durante un ataque en el centro de la ciudad"},"content":{"rendered":"<p>Uruapan.- El presidente municipal de Uruapan, Carlos Alberto Manzo Rodr\u00edguez, falleci\u00f3 este s\u00e1bado tras ser v\u00edctima de un ataque armado ocurrido en el centro de la ciudad, mientras participaba en actividades p\u00fablicas.<\/p>\n<p>De acuerdo con informaci\u00f3n del Gabinete de Seguridad, durante el ataque fueron detenidas dos personas presuntamente implicadas en la agresi\u00f3n, mientras que uno de los atacantes muri\u00f3 durante la intervenci\u00f3n de las fuerzas de seguridad.<\/p>\n<p>Tras los hechos, se despleg\u00f3 un operativo conjunto con la participaci\u00f3n del Gobierno de Michoac\u00e1n, el Ej\u00e9rcito Mexicano, la Guardia Nacional y la Fiscal\u00eda General del Estado, con el objetivo de asegurar la zona y dar seguimiento a las investigaciones.<\/p>\n<p>Las autoridades confirmaron que se ha abierto una carpeta de investigaci\u00f3n para esclarecer las circunstancias del atentado y determinar el m\u00f3vil del crimen.<\/p>\n","protected":false},"excerpt":{"rendered":"<p>Uruapan.- El presidente municipal de Uruapan, Carlos Alberto Manzo Rodr\u00edguez, falleci\u00f3 este s\u00e1bado tras ser v\u00edctima de un ataque armado ocurrido en el centro de la ciudad, mientras participaba en actividades p\u00fablicas. De acuerdo con informaci\u00f3n del Gabinete de Seguridad, durante el ataque fueron detenidas dos personas presuntamente implicadas en la agresi\u00f3n, mientras que uno de los atacantes muri\u00f3 durante la intervenci\u00f3n de las fuerzas de seguridad. Tras los hechos, se despleg\u00f3 un operativo conjunto con la participaci\u00f3n del Gobierno de Michoac\u00e1n, el Ej\u00e9rcito Mexicano, la Guardia Nacional y la Fiscal\u00eda General del Estado, con el objetivo de asegurar la [&hellip;]<\/p>\n","protected":false},"author":2,"featured_media":183788,"comment_status":"closed","ping_status":"closed","sticky":false,"template":"","format":"standard","meta":{"_monsterinsights_skip_tracking":false,"_monsterinsights_sitenote_active":false,"_monsterinsights_sitenote_note":"","_monsterinsights_sitenote_category":0,"footnotes":""},"categories":[46],"tags":[],"class_list":["post-183787","post","type-post","status-publish","format-standard","has-post-thumbnail","hentry","category-nacional","post--single"],"_links":{"self":[{"href":"https:\/\/canal7slp.tv\/2026\/wp-json\/wp\/v2\/posts\/183787","targetHints":{"allow":["GET"]}}],"collection":[{"href":"https:\/\/canal7slp.tv\/2026\/wp-json\/wp\/v2\/posts"}],"about":[{"href":"https:\/\/canal7slp.tv\/2026\/wp-json\/wp\/v2\/types\/post"}],"author":[{"embeddable":true,"href":"https:\/\/canal7slp.tv\/2026\/wp-json\/wp\/v2\/users\/2"}],"replies":[{"embeddable":true,"href":"https:\/\/canal7slp.tv\/2026\/wp-json\/wp\/v2\/comments?post=183787"}],"version-history":[{"count":1,"href":"https:\/\/canal7slp.tv\/2026\/wp-json\/wp\/v2\/posts\/183787\/revisions"}],"predecessor-version":[{"id":183789,"href":"https:\/\/canal7slp.tv\/2026\/wp-json\/wp\/v2\/posts\/183787\/revisions\/183789"}],"wp:featuredmedia":[{"embeddable":true,"href":"https:\/\/canal7slp.tv\/2026\/wp-json\/wp\/v2\/media\/183788"}],"wp:attachment":[{"href":"https:\/\/canal7slp.tv\/2026\/wp-json\/wp\/v2\/media?parent=183787"}],"wp:term":[{"taxonomy":"category","embeddable":true,"href":"https:\/\/canal7slp.tv\/2026\/wp-json\/wp\/v2\/categories?post=183787"},{"taxonomy":"post_tag","embeddable":true,"href":"https:\/\/canal7slp.tv\/2026\/wp-json\/wp\/v2\/tags?post=183787"}],"curies":[{"name":"wp","href":"https:\/\/api.w.org\/{rel}","templated":true}]}}