{"id":183782,"date":"2025-11-03T09:04:25","date_gmt":"2025-11-03T15:04:25","guid":{"rendered":"https:\/\/canal7slp.tv\/2026\/?p=183782"},"modified":"2025-11-03T09:04:25","modified_gmt":"2025-11-03T15:04:25","slug":"el-partido-verde-ecologista-en-san-luis-realiza-su-asamblea-estatal-2025","status":"publish","type":"post","link":"https:\/\/canal7slp.tv\/2026\/el-partido-verde-ecologista-en-san-luis-realiza-su-asamblea-estatal-2025\/","title":{"rendered":"El Partido Verde Ecologista en San Luis realiza su Asamblea Estatal 2025"},"content":{"rendered":"<p style=\"text-align: justify;\"><span style=\"font-size: 1.21429rem;\">SLP.- El Partido Verde Ecologista de M\u00e9xico llev\u00f3 a cabo su Asamblea Estatal 2025 en San Luis Potos\u00ed en donde se eligieron a los integrantes de plantillas, y se tom\u00f3 protesta de ley a delegadas y delegados nacionales, consejeras y consejeros estatales as\u00ed como a los integrantes de la Comisi\u00f3n Estatal de Honor y Justicia.<\/span><\/p>\n<p style=\"text-align: justify;\">Este evento estuvo encabezado por el diputado federal y coordinador del grupo parlamentario de este partido en la C\u00e1mara de Diputados, Arturo Escobar, y el gobernador del estado.<\/p>\n<p style=\"text-align: justify;\">Asimismo y en sesi\u00f3n privada se llev\u00f3 a cabo la instalaci\u00f3n del Consejo Pol\u00edtico Estatal de este partido y que estar\u00e1 en funciones durante los pr\u00f3ximos tres a\u00f1os.<\/p>\n<p style=\"text-align: justify;\">Al afirmar que \u201clas encuestas serias\u201d les dan una ventaja del 48 por ciento en las preferencias el coordinador del grupo parlamentario del Partido Verde en la C\u00e1mara de Diputados dijo tambi\u00e9n que la meta, es afiliar a un mill\u00f3n de simpatizantes a este partido.<\/p>\n<p>Por: Claudio Ibarra<\/p>\n","protected":false},"excerpt":{"rendered":"<p>SLP.- El Partido Verde Ecologista de M\u00e9xico llev\u00f3 a cabo su Asamblea Estatal 2025 en San Luis Potos\u00ed en donde se eligieron a los integrantes de plantillas, y se tom\u00f3 protesta de ley a delegadas y delegados nacionales, consejeras y consejeros estatales as\u00ed como a los integrantes de la Comisi\u00f3n Estatal de Honor y Justicia. Este evento estuvo encabezado por el diputado federal y coordinador del grupo parlamentario de este partido en la C\u00e1mara de Diputados, Arturo Escobar, y el gobernador del estado. Asimismo y en sesi\u00f3n privada se llev\u00f3 a cabo la instalaci\u00f3n del Consejo Pol\u00edtico Estatal de este [&hellip;]<\/p>\n","protected":false},"author":2,"featured_media":183824,"comment_status":"closed","ping_status":"closed","sticky":false,"template":"","format":"video","meta":{"_monsterinsights_skip_tracking":false,"_monsterinsights_sitenote_active":false,"_monsterinsights_sitenote_note":"","_monsterinsights_sitenote_category":0,"footnotes":""},"categories":[5,45],"tags":[],"class_list":["post-183782","post","type-post","status-publish","format-video","has-post-thumbnail","hentry","category-destacadas","category-localesyregionales","post_format-post-format-video","post--single"],"_links":{"self":[{"href":"https:\/\/canal7slp.tv\/2026\/wp-json\/wp\/v2\/posts\/183782","targetHints":{"allow":["GET"]}}],"collection":[{"href":"https:\/\/canal7slp.tv\/2026\/wp-json\/wp\/v2\/posts"}],"about":[{"href":"https:\/\/canal7slp.tv\/2026\/wp-json\/wp\/v2\/types\/post"}],"author":[{"embeddable":true,"href":"https:\/\/canal7slp.tv\/2026\/wp-json\/wp\/v2\/users\/2"}],"replies":[{"embeddable":true,"href":"https:\/\/canal7slp.tv\/2026\/wp-json\/wp\/v2\/comments?post=183782"}],"version-history":[{"count":2,"href":"https:\/\/canal7slp.tv\/2026\/wp-json\/wp\/v2\/posts\/183782\/revisions"}],"predecessor-version":[{"id":183825,"href":"https:\/\/canal7slp.tv\/2026\/wp-json\/wp\/v2\/posts\/183782\/revisions\/183825"}],"wp:featuredmedia":[{"embeddable":true,"href":"https:\/\/canal7slp.tv\/2026\/wp-json\/wp\/v2\/media\/183824"}],"wp:attachment":[{"href":"https:\/\/canal7slp.tv\/2026\/wp-json\/wp\/v2\/media?parent=183782"}],"wp:term":[{"taxonomy":"category","embeddable":true,"href":"https:\/\/canal7slp.tv\/2026\/wp-json\/wp\/v2\/categories?post=183782"},{"taxonomy":"post_tag","embeddable":true,"href":"https:\/\/canal7slp.tv\/2026\/wp-json\/wp\/v2\/tags?post=183782"}],"curies":[{"name":"wp","href":"https:\/\/api.w.org\/{rel}","templated":true}]}}