{"id":183780,"date":"2025-11-03T09:09:44","date_gmt":"2025-11-03T15:09:44","guid":{"rendered":"https:\/\/canal7slp.tv\/2026\/?p=183780"},"modified":"2025-11-03T09:09:44","modified_gmt":"2025-11-03T15:09:44","slug":"afirma-diputado-federal-del-partido-verde-que-no-hay-ruptura-con-morena","status":"publish","type":"post","link":"https:\/\/canal7slp.tv\/2026\/afirma-diputado-federal-del-partido-verde-que-no-hay-ruptura-con-morena\/","title":{"rendered":"Afirma diputado federal del Partido Verde que no hay ruptura con Morena"},"content":{"rendered":"<p style=\"text-align: justify;\"><span style=\"font-size: 1.21429rem;\">SLP.- El coordinador parlamentario del Partido Verde Ecologista en la C\u00e1mara de Diputados Arturo Escobar y Vega afirm\u00f3 que de cara las elecciones del 2027, en San Luis Potos\u00ed podr\u00edan ampliar la coalici\u00f3n que les permiti\u00f3 ganar la gubernatura en el 2021.<\/span><\/p>\n<p style=\"text-align: justify;\">Afirm\u00f3 que independientemente de que vayan en coalici\u00f3n \u00f3 no el Verde Ecologista tiene mano en la elecci\u00f3n del candidato \u00f3 candidata a la gubernatura, porque en San Luis Potos\u00ed, dijo, son la primera fuerza pol\u00edtica.<\/p>\n<p style=\"text-align: justify;\">En este contexto, el coordinador de los diputados federales del Verde afirm\u00f3 que la participaci\u00f3n de la senadora Ruth Gonz\u00e1lez como candidata a la gubernatura, depender\u00e1 de lo que se defina en el partido.<\/p>\n<p style=\"text-align: justify;\">Cuestionado sobre las diferencias entre MORENA y el Partido Verde a nivel local el diputado federal afirm\u00f3 que no hay ruptura.<\/p>\n<p style=\"text-align: justify;\">Por: Claudio Ibarra<\/p>\n","protected":false},"excerpt":{"rendered":"<p>SLP.- El coordinador parlamentario del Partido Verde Ecologista en la C\u00e1mara de Diputados Arturo Escobar y Vega afirm\u00f3 que de cara las elecciones del 2027, en San Luis Potos\u00ed podr\u00edan ampliar la coalici\u00f3n que les permiti\u00f3 ganar la gubernatura en el 2021. Afirm\u00f3 que independientemente de que vayan en coalici\u00f3n \u00f3 no el Verde Ecologista tiene mano en la elecci\u00f3n del candidato \u00f3 candidata a la gubernatura, porque en San Luis Potos\u00ed, dijo, son la primera fuerza pol\u00edtica. En este contexto, el coordinador de los diputados federales del Verde afirm\u00f3 que la participaci\u00f3n de la senadora Ruth Gonz\u00e1lez como candidata [&hellip;]<\/p>\n","protected":false},"author":2,"featured_media":183826,"comment_status":"closed","ping_status":"closed","sticky":false,"template":"","format":"video","meta":{"_monsterinsights_skip_tracking":false,"_monsterinsights_sitenote_active":false,"_monsterinsights_sitenote_note":"","_monsterinsights_sitenote_category":0,"footnotes":""},"categories":[5,45],"tags":[],"class_list":["post-183780","post","type-post","status-publish","format-video","has-post-thumbnail","hentry","category-destacadas","category-localesyregionales","post_format-post-format-video","post--single"],"_links":{"self":[{"href":"https:\/\/canal7slp.tv\/2026\/wp-json\/wp\/v2\/posts\/183780","targetHints":{"allow":["GET"]}}],"collection":[{"href":"https:\/\/canal7slp.tv\/2026\/wp-json\/wp\/v2\/posts"}],"about":[{"href":"https:\/\/canal7slp.tv\/2026\/wp-json\/wp\/v2\/types\/post"}],"author":[{"embeddable":true,"href":"https:\/\/canal7slp.tv\/2026\/wp-json\/wp\/v2\/users\/2"}],"replies":[{"embeddable":true,"href":"https:\/\/canal7slp.tv\/2026\/wp-json\/wp\/v2\/comments?post=183780"}],"version-history":[{"count":2,"href":"https:\/\/canal7slp.tv\/2026\/wp-json\/wp\/v2\/posts\/183780\/revisions"}],"predecessor-version":[{"id":183827,"href":"https:\/\/canal7slp.tv\/2026\/wp-json\/wp\/v2\/posts\/183780\/revisions\/183827"}],"wp:featuredmedia":[{"embeddable":true,"href":"https:\/\/canal7slp.tv\/2026\/wp-json\/wp\/v2\/media\/183826"}],"wp:attachment":[{"href":"https:\/\/canal7slp.tv\/2026\/wp-json\/wp\/v2\/media?parent=183780"}],"wp:term":[{"taxonomy":"category","embeddable":true,"href":"https:\/\/canal7slp.tv\/2026\/wp-json\/wp\/v2\/categories?post=183780"},{"taxonomy":"post_tag","embeddable":true,"href":"https:\/\/canal7slp.tv\/2026\/wp-json\/wp\/v2\/tags?post=183780"}],"curies":[{"name":"wp","href":"https:\/\/api.w.org\/{rel}","templated":true}]}}