{"id":183777,"date":"2025-11-01T16:39:09","date_gmt":"2025-11-01T22:39:09","guid":{"rendered":"https:\/\/canal7slp.tv\/2026\/?p=183777"},"modified":"2025-11-01T18:34:27","modified_gmt":"2025-11-02T00:34:27","slug":"fallece-francisco-rojas-gutierrez-exdirector-de-pemex-y-cfe","status":"publish","type":"post","link":"https:\/\/canal7slp.tv\/2026\/fallece-francisco-rojas-gutierrez-exdirector-de-pemex-y-cfe\/","title":{"rendered":"Fallece Francisco Rojas Guti\u00e9rrez, exdirector de Pemex y CFE"},"content":{"rendered":"<p style=\"text-align: justify;\">M\u00ebxico.- Francisco Rojas Guti\u00e9rrez, quien se desempe\u00f1\u00f3 como director de Petr\u00f3leos Mexicanos (Pemex) y de la Comisi\u00f3n Federal de Electricidad (CFE), falleci\u00f3 el viernes 31 de octubre a los 81 a\u00f1os de edad.<\/p>\n<p style=\"text-align: justify;\">El extitular, identificado con el Partido Revolucionario Institucional (PRI), tambi\u00e9n ocup\u00f3 el cargo de diputado federal y coordinador del Grupo Parlamentario de su partido durante la LXI Legislatura.<\/p>\n<p style=\"text-align: justify;\">Alejandro Moreno, dirigente nacional del PRI, describi\u00f3 a Rojas Guti\u00e9rrez como \u00abun hombre de Estado y un priista con una larga trayectoria en el servicio p\u00fablico\u00bb. El Grupo Parlamentario del mismo partido emiti\u00f3 un comunicado expresando sus condolencias y reconociendo su trayectoria en las instituciones energ\u00e9ticas del pa\u00eds.<\/p>\n<p style=\"text-align: justify;\">\n","protected":false},"excerpt":{"rendered":"<p>M\u00ebxico.- Francisco Rojas Guti\u00e9rrez, quien se desempe\u00f1\u00f3 como director de Petr\u00f3leos Mexicanos (Pemex) y de la Comisi\u00f3n Federal de Electricidad (CFE), falleci\u00f3 el viernes 31 de octubre a los 81 a\u00f1os de edad. El extitular, identificado con el Partido Revolucionario Institucional (PRI), tambi\u00e9n ocup\u00f3 el cargo de diputado federal y coordinador del Grupo Parlamentario de su partido durante la LXI Legislatura. Alejandro Moreno, dirigente nacional del PRI, describi\u00f3 a Rojas Guti\u00e9rrez como \u00abun hombre de Estado y un priista con una larga trayectoria en el servicio p\u00fablico\u00bb. El Grupo Parlamentario del mismo partido emiti\u00f3 un comunicado expresando sus condolencias y [&hellip;]<\/p>\n","protected":false},"author":2,"featured_media":183778,"comment_status":"closed","ping_status":"closed","sticky":false,"template":"","format":"standard","meta":{"_monsterinsights_skip_tracking":false,"_monsterinsights_sitenote_active":false,"_monsterinsights_sitenote_note":"","_monsterinsights_sitenote_category":0,"footnotes":""},"categories":[46],"tags":[],"class_list":["post-183777","post","type-post","status-publish","format-standard","has-post-thumbnail","hentry","category-nacional","post--single"],"_links":{"self":[{"href":"https:\/\/canal7slp.tv\/2026\/wp-json\/wp\/v2\/posts\/183777","targetHints":{"allow":["GET"]}}],"collection":[{"href":"https:\/\/canal7slp.tv\/2026\/wp-json\/wp\/v2\/posts"}],"about":[{"href":"https:\/\/canal7slp.tv\/2026\/wp-json\/wp\/v2\/types\/post"}],"author":[{"embeddable":true,"href":"https:\/\/canal7slp.tv\/2026\/wp-json\/wp\/v2\/users\/2"}],"replies":[{"embeddable":true,"href":"https:\/\/canal7slp.tv\/2026\/wp-json\/wp\/v2\/comments?post=183777"}],"version-history":[{"count":1,"href":"https:\/\/canal7slp.tv\/2026\/wp-json\/wp\/v2\/posts\/183777\/revisions"}],"predecessor-version":[{"id":183779,"href":"https:\/\/canal7slp.tv\/2026\/wp-json\/wp\/v2\/posts\/183777\/revisions\/183779"}],"wp:featuredmedia":[{"embeddable":true,"href":"https:\/\/canal7slp.tv\/2026\/wp-json\/wp\/v2\/media\/183778"}],"wp:attachment":[{"href":"https:\/\/canal7slp.tv\/2026\/wp-json\/wp\/v2\/media?parent=183777"}],"wp:term":[{"taxonomy":"category","embeddable":true,"href":"https:\/\/canal7slp.tv\/2026\/wp-json\/wp\/v2\/categories?post=183777"},{"taxonomy":"post_tag","embeddable":true,"href":"https:\/\/canal7slp.tv\/2026\/wp-json\/wp\/v2\/tags?post=183777"}],"curies":[{"name":"wp","href":"https:\/\/api.w.org\/{rel}","templated":true}]}}