{"id":183757,"date":"2025-11-01T10:49:28","date_gmt":"2025-11-01T16:49:28","guid":{"rendered":"https:\/\/canal7slp.tv\/2026\/?p=183757"},"modified":"2025-11-01T10:49:28","modified_gmt":"2025-11-01T16:49:28","slug":"cae-el-ss-presunto-lider-criminal-ligado-al-trafico-de-fentanilo-en-tijuana","status":"publish","type":"post","link":"https:\/\/canal7slp.tv\/2026\/cae-el-ss-presunto-lider-criminal-ligado-al-trafico-de-fentanilo-en-tijuana\/","title":{"rendered":"Cae \u201cEl SS\u201d, presunto l\u00edder criminal ligado al tr\u00e1fico de fentanilo en Tijuana"},"content":{"rendered":"<p style=\"text-align: justify;\">M\u00e9xico.- Elementos de las fuerzas federales detuvieron en Tijuana, Baja California, a dos presuntos integrantes de un grupo delictivo se\u00f1alado por su participaci\u00f3n en el tr\u00e1fico de fentanilo y metanfetamina hacia Estados Unidos.<\/p>\n<p style=\"text-align: justify;\">Los detenidos fueron identificados como Sa\u00fal \u201cN\u201d, alias \u201cEl SS\u201d, presunto jefe de una c\u00e9lula af\u00edn a Los Beltr\u00e1n Leyva, y Horacio \u201cN\u201d, quien fung\u00eda como jefe de escoltas.<\/p>\n<p style=\"text-align: justify;\">La captura se llev\u00f3 a cabo durante un operativo conjunto en el que participaron el Ej\u00e9rcito Mexicano, la Secretar\u00eda de Marina, la Guardia Nacional, la Fiscal\u00eda General de la Rep\u00fablica (FGR) y la Secretar\u00eda de Seguridad y Protecci\u00f3n Ciudadana (SSPC).<\/p>\n<p style=\"text-align: justify;\">Durante la acci\u00f3n se aseguraron armas de fuego, dosis de drogas sint\u00e9ticas, tel\u00e9fonos celulares y el inmueble donde se encontraban los detenidos. Ambos fueron puestos a disposici\u00f3n del Ministerio P\u00fablico federal, que determinar\u00e1 su situaci\u00f3n jur\u00eddica en las pr\u00f3ximas horas.<\/p>\n","protected":false},"excerpt":{"rendered":"<p>M\u00e9xico.- Elementos de las fuerzas federales detuvieron en Tijuana, Baja California, a dos presuntos integrantes de un grupo delictivo se\u00f1alado por su participaci\u00f3n en el tr\u00e1fico de fentanilo y metanfetamina hacia Estados Unidos. Los detenidos fueron identificados como Sa\u00fal \u201cN\u201d, alias \u201cEl SS\u201d, presunto jefe de una c\u00e9lula af\u00edn a Los Beltr\u00e1n Leyva, y Horacio \u201cN\u201d, quien fung\u00eda como jefe de escoltas. La captura se llev\u00f3 a cabo durante un operativo conjunto en el que participaron el Ej\u00e9rcito Mexicano, la Secretar\u00eda de Marina, la Guardia Nacional, la Fiscal\u00eda General de la Rep\u00fablica (FGR) y la Secretar\u00eda de Seguridad y Protecci\u00f3n [&hellip;]<\/p>\n","protected":false},"author":2,"featured_media":183758,"comment_status":"closed","ping_status":"closed","sticky":false,"template":"","format":"standard","meta":{"_monsterinsights_skip_tracking":false,"_monsterinsights_sitenote_active":false,"_monsterinsights_sitenote_note":"","_monsterinsights_sitenote_category":0,"footnotes":""},"categories":[46],"tags":[],"class_list":["post-183757","post","type-post","status-publish","format-standard","has-post-thumbnail","hentry","category-nacional","post--single"],"_links":{"self":[{"href":"https:\/\/canal7slp.tv\/2026\/wp-json\/wp\/v2\/posts\/183757","targetHints":{"allow":["GET"]}}],"collection":[{"href":"https:\/\/canal7slp.tv\/2026\/wp-json\/wp\/v2\/posts"}],"about":[{"href":"https:\/\/canal7slp.tv\/2026\/wp-json\/wp\/v2\/types\/post"}],"author":[{"embeddable":true,"href":"https:\/\/canal7slp.tv\/2026\/wp-json\/wp\/v2\/users\/2"}],"replies":[{"embeddable":true,"href":"https:\/\/canal7slp.tv\/2026\/wp-json\/wp\/v2\/comments?post=183757"}],"version-history":[{"count":1,"href":"https:\/\/canal7slp.tv\/2026\/wp-json\/wp\/v2\/posts\/183757\/revisions"}],"predecessor-version":[{"id":183759,"href":"https:\/\/canal7slp.tv\/2026\/wp-json\/wp\/v2\/posts\/183757\/revisions\/183759"}],"wp:featuredmedia":[{"embeddable":true,"href":"https:\/\/canal7slp.tv\/2026\/wp-json\/wp\/v2\/media\/183758"}],"wp:attachment":[{"href":"https:\/\/canal7slp.tv\/2026\/wp-json\/wp\/v2\/media?parent=183757"}],"wp:term":[{"taxonomy":"category","embeddable":true,"href":"https:\/\/canal7slp.tv\/2026\/wp-json\/wp\/v2\/categories?post=183757"},{"taxonomy":"post_tag","embeddable":true,"href":"https:\/\/canal7slp.tv\/2026\/wp-json\/wp\/v2\/tags?post=183757"}],"curies":[{"name":"wp","href":"https:\/\/api.w.org\/{rel}","templated":true}]}}