{"id":183754,"date":"2025-11-01T10:02:40","date_gmt":"2025-11-01T16:02:40","guid":{"rendered":"https:\/\/canal7slp.tv\/2026\/?p=183754"},"modified":"2025-11-01T10:02:40","modified_gmt":"2025-11-01T16:02:40","slug":"trabajadores-del-pjf-levantan-paro-tras-seis-horas-de-protestas","status":"publish","type":"post","link":"https:\/\/canal7slp.tv\/2026\/trabajadores-del-pjf-levantan-paro-tras-seis-horas-de-protestas\/","title":{"rendered":"Trabajadores del PJF levantan paro tras seis horas de protestas"},"content":{"rendered":"<p style=\"text-align: justify;\">M\u00e9xico.- Trabajadores del Poder Judicial de la Federaci\u00f3n (PJF) levantaron este viernes un paro laboral que se extendi\u00f3 por aproximadamente seis horas en 16 inmuebles de distintas ciudades del pa\u00eds. La protesta fue convocada por el Sindicato Nacional de Renovaci\u00f3n al Servicio del Poder Judicial de la Federaci\u00f3n.<\/p>\n<p style=\"text-align: justify;\">De acuerdo con el \u00d3rgano de Administraci\u00f3n Judicial (OAJ), los edificios afectados representaron solo el 5.3% del total de inmuebles del Poder Judicial, mientras que el 95% restante oper\u00f3 con normalidad.<\/p>\n<p style=\"text-align: justify;\">Entre las principales demandas de los trabajadores se encuentran la falta de insumos b\u00e1sicos \u2014como papel, agua y equipo de oficina\u2014, el incumplimiento de acuerdos salariales y pagos retroactivos, as\u00ed como despidos masivos que, seg\u00fan el sindicato, han afectado a cerca de cinco mil empleados.<\/p>\n<p style=\"text-align: justify;\">Tras ser recibidos por autoridades del OAJ, los manifestantes acordaron reabrir de inmediato los edificios y continuar el di\u00e1logo. Ambas partes sostendr\u00e1n una reuni\u00f3n el pr\u00f3ximo lunes 3 de noviembre para dar seguimiento a las demandas.<\/p>\n<p style=\"text-align: justify;\">El OAJ reiter\u00f3 su compromiso de mantener el servicio judicial sin interrupciones y de mantener un di\u00e1logo permanente con los trabajadores.<\/p>\n","protected":false},"excerpt":{"rendered":"<p>M\u00e9xico.- Trabajadores del Poder Judicial de la Federaci\u00f3n (PJF) levantaron este viernes un paro laboral que se extendi\u00f3 por aproximadamente seis horas en 16 inmuebles de distintas ciudades del pa\u00eds. La protesta fue convocada por el Sindicato Nacional de Renovaci\u00f3n al Servicio del Poder Judicial de la Federaci\u00f3n. De acuerdo con el \u00d3rgano de Administraci\u00f3n Judicial (OAJ), los edificios afectados representaron solo el 5.3% del total de inmuebles del Poder Judicial, mientras que el 95% restante oper\u00f3 con normalidad. Entre las principales demandas de los trabajadores se encuentran la falta de insumos b\u00e1sicos \u2014como papel, agua y equipo de oficina\u2014, [&hellip;]<\/p>\n","protected":false},"author":2,"featured_media":183755,"comment_status":"closed","ping_status":"closed","sticky":false,"template":"","format":"standard","meta":{"_monsterinsights_skip_tracking":false,"_monsterinsights_sitenote_active":false,"_monsterinsights_sitenote_note":"","_monsterinsights_sitenote_category":0,"footnotes":""},"categories":[46],"tags":[],"class_list":["post-183754","post","type-post","status-publish","format-standard","has-post-thumbnail","hentry","category-nacional","post--single"],"_links":{"self":[{"href":"https:\/\/canal7slp.tv\/2026\/wp-json\/wp\/v2\/posts\/183754","targetHints":{"allow":["GET"]}}],"collection":[{"href":"https:\/\/canal7slp.tv\/2026\/wp-json\/wp\/v2\/posts"}],"about":[{"href":"https:\/\/canal7slp.tv\/2026\/wp-json\/wp\/v2\/types\/post"}],"author":[{"embeddable":true,"href":"https:\/\/canal7slp.tv\/2026\/wp-json\/wp\/v2\/users\/2"}],"replies":[{"embeddable":true,"href":"https:\/\/canal7slp.tv\/2026\/wp-json\/wp\/v2\/comments?post=183754"}],"version-history":[{"count":1,"href":"https:\/\/canal7slp.tv\/2026\/wp-json\/wp\/v2\/posts\/183754\/revisions"}],"predecessor-version":[{"id":183756,"href":"https:\/\/canal7slp.tv\/2026\/wp-json\/wp\/v2\/posts\/183754\/revisions\/183756"}],"wp:featuredmedia":[{"embeddable":true,"href":"https:\/\/canal7slp.tv\/2026\/wp-json\/wp\/v2\/media\/183755"}],"wp:attachment":[{"href":"https:\/\/canal7slp.tv\/2026\/wp-json\/wp\/v2\/media?parent=183754"}],"wp:term":[{"taxonomy":"category","embeddable":true,"href":"https:\/\/canal7slp.tv\/2026\/wp-json\/wp\/v2\/categories?post=183754"},{"taxonomy":"post_tag","embeddable":true,"href":"https:\/\/canal7slp.tv\/2026\/wp-json\/wp\/v2\/tags?post=183754"}],"curies":[{"name":"wp","href":"https:\/\/api.w.org\/{rel}","templated":true}]}}