{"id":183731,"date":"2025-10-31T21:16:44","date_gmt":"2025-11-01T03:16:44","guid":{"rendered":"https:\/\/canal7slp.tv\/2026\/?p=183731"},"modified":"2025-10-31T21:16:44","modified_gmt":"2025-11-01T03:16:44","slug":"presentan-el-festival-internacional-de-letras-2025","status":"publish","type":"post","link":"https:\/\/canal7slp.tv\/2026\/presentan-el-festival-internacional-de-letras-2025\/","title":{"rendered":"Presentan el Festival Internacional de Letras 2025"},"content":{"rendered":"<p style=\"text-align: justify;\"><span style=\"font-size: 1.21429rem;\">SLP.- En el marco del nombramiento de San Luis Capital como Ciudad Creativa por parte de la Unesco el presidente municipal Enrique Galindo Ceballos present\u00f3 el Festival Internacional de Letras 2025, en su edici\u00f3n n\u00famero 18.<\/span><\/p>\n<p style=\"text-align: justify;\">Se llevar\u00e1 a cabo del 24 al 28 de Noviembre con la participaci\u00f3n de escritores y poetas de seis pa\u00edses entre ellos, Espa\u00f1a, Chile, Italia, Nicaragua, Rumania y M\u00e9xico.<\/p>\n<p style=\"text-align: justify;\">Se destac\u00f3 que este evento literario rendir\u00e1 homenaje al legado del promotor cultural Daniel Garc\u00eda \u00c1lvarez de la Llera, impulsor de este Festival.<\/p>\n<p style=\"text-align: justify;\">En este Festival Internacional de Letras se contemplan 33 actividades literarias en diversas sedes como el Centro Cultural del Palacio Municipal, universidades, librer\u00edas y plazas p\u00fablicas.<\/p>\n<p style=\"text-align: justify;\">Por: Claudio IBarra<\/p>\n","protected":false},"excerpt":{"rendered":"<p>SLP.- En el marco del nombramiento de San Luis Capital como Ciudad Creativa por parte de la Unesco el presidente municipal Enrique Galindo Ceballos present\u00f3 el Festival Internacional de Letras 2025, en su edici\u00f3n n\u00famero 18. Se llevar\u00e1 a cabo del 24 al 28 de Noviembre con la participaci\u00f3n de escritores y poetas de seis pa\u00edses entre ellos, Espa\u00f1a, Chile, Italia, Nicaragua, Rumania y M\u00e9xico. Se destac\u00f3 que este evento literario rendir\u00e1 homenaje al legado del promotor cultural Daniel Garc\u00eda \u00c1lvarez de la Llera, impulsor de este Festival. En este Festival Internacional de Letras se contemplan 33 actividades literarias en [&hellip;]<\/p>\n","protected":false},"author":2,"featured_media":183733,"comment_status":"closed","ping_status":"closed","sticky":false,"template":"","format":"video","meta":{"_monsterinsights_skip_tracking":false,"_monsterinsights_sitenote_active":false,"_monsterinsights_sitenote_note":"","_monsterinsights_sitenote_category":0,"footnotes":""},"categories":[66,5,45],"tags":[],"class_list":["post-183731","post","type-post","status-publish","format-video","has-post-thumbnail","hentry","category-ayoslp","category-destacadas","category-localesyregionales","post_format-post-format-video","post--single"],"_links":{"self":[{"href":"https:\/\/canal7slp.tv\/2026\/wp-json\/wp\/v2\/posts\/183731","targetHints":{"allow":["GET"]}}],"collection":[{"href":"https:\/\/canal7slp.tv\/2026\/wp-json\/wp\/v2\/posts"}],"about":[{"href":"https:\/\/canal7slp.tv\/2026\/wp-json\/wp\/v2\/types\/post"}],"author":[{"embeddable":true,"href":"https:\/\/canal7slp.tv\/2026\/wp-json\/wp\/v2\/users\/2"}],"replies":[{"embeddable":true,"href":"https:\/\/canal7slp.tv\/2026\/wp-json\/wp\/v2\/comments?post=183731"}],"version-history":[{"count":1,"href":"https:\/\/canal7slp.tv\/2026\/wp-json\/wp\/v2\/posts\/183731\/revisions"}],"predecessor-version":[{"id":183734,"href":"https:\/\/canal7slp.tv\/2026\/wp-json\/wp\/v2\/posts\/183731\/revisions\/183734"}],"wp:featuredmedia":[{"embeddable":true,"href":"https:\/\/canal7slp.tv\/2026\/wp-json\/wp\/v2\/media\/183733"}],"wp:attachment":[{"href":"https:\/\/canal7slp.tv\/2026\/wp-json\/wp\/v2\/media?parent=183731"}],"wp:term":[{"taxonomy":"category","embeddable":true,"href":"https:\/\/canal7slp.tv\/2026\/wp-json\/wp\/v2\/categories?post=183731"},{"taxonomy":"post_tag","embeddable":true,"href":"https:\/\/canal7slp.tv\/2026\/wp-json\/wp\/v2\/tags?post=183731"}],"curies":[{"name":"wp","href":"https:\/\/api.w.org\/{rel}","templated":true}]}}