{"id":183727,"date":"2025-10-31T21:09:30","date_gmt":"2025-11-01T03:09:30","guid":{"rendered":"https:\/\/canal7slp.tv\/2026\/?p=183727"},"modified":"2025-10-31T21:09:30","modified_gmt":"2025-11-01T03:09:30","slug":"en-mexico-no-hay-recursos-suficientes-para-el-deporte-adaptado-considera-especialista","status":"publish","type":"post","link":"https:\/\/canal7slp.tv\/2026\/en-mexico-no-hay-recursos-suficientes-para-el-deporte-adaptado-considera-especialista\/","title":{"rendered":"En M\u00e9xico no hay recursos suficientes para el deporte adaptado, considera especialista"},"content":{"rendered":"<p style=\"text-align: justify;\"><span style=\"font-size: 1.21429rem;\">SLP.- Josu\u00e9 es promotor de salud en el \u00e1rea de personas con discapacidad y en su participaci\u00f3n como ponente en el Simposium de Abordajes Interdisciplinarios en Discapacidad, disert\u00f3 con el tema \u201cDeporte adaptado e Inclusi\u00f3n Integral\u201d.<\/span><\/p>\n<p style=\"text-align: justify;\">En este espacio de encuentro, reflexi\u00f3n e intercambio de ideas sobre la discapacidad desde diferentes perspectivas coment\u00f3 que se sigue avanzando en este tema, aunque falta mucho por hacer.<\/p>\n<p style=\"text-align: justify;\">Afirm\u00f3 que pese a que desde 1960 en M\u00e9xico ya existen competencias paral\u00edmpicas lamentablemente no se ha avanzado mucho en el deporte adaptado.<\/p>\n<p style=\"text-align: justify;\">Y es que en su opini\u00f3n consider\u00f3 que desde la parte de las autoridades hacen falta m\u00e1s becas y programas de desarrollo con mayor presupuesto, a pesar, dijo, que M\u00e9xico ha ocupado importantes lugares en el medallero paral\u00edmpico a nivel internacional.<\/p>\n<p>Por: Claudio Ibarra<\/p>\n","protected":false},"excerpt":{"rendered":"<p>SLP.- Josu\u00e9 es promotor de salud en el \u00e1rea de personas con discapacidad y en su participaci\u00f3n como ponente en el Simposium de Abordajes Interdisciplinarios en Discapacidad, disert\u00f3 con el tema \u201cDeporte adaptado e Inclusi\u00f3n Integral\u201d. En este espacio de encuentro, reflexi\u00f3n e intercambio de ideas sobre la discapacidad desde diferentes perspectivas coment\u00f3 que se sigue avanzando en este tema, aunque falta mucho por hacer. Afirm\u00f3 que pese a que desde 1960 en M\u00e9xico ya existen competencias paral\u00edmpicas lamentablemente no se ha avanzado mucho en el deporte adaptado. Y es que en su opini\u00f3n consider\u00f3 que desde la parte de [&hellip;]<\/p>\n","protected":false},"author":2,"featured_media":183729,"comment_status":"closed","ping_status":"closed","sticky":false,"template":"","format":"video","meta":{"_monsterinsights_skip_tracking":false,"_monsterinsights_sitenote_active":false,"_monsterinsights_sitenote_note":"","_monsterinsights_sitenote_category":0,"footnotes":""},"categories":[5,45],"tags":[],"class_list":["post-183727","post","type-post","status-publish","format-video","has-post-thumbnail","hentry","category-destacadas","category-localesyregionales","post_format-post-format-video","post--single"],"_links":{"self":[{"href":"https:\/\/canal7slp.tv\/2026\/wp-json\/wp\/v2\/posts\/183727","targetHints":{"allow":["GET"]}}],"collection":[{"href":"https:\/\/canal7slp.tv\/2026\/wp-json\/wp\/v2\/posts"}],"about":[{"href":"https:\/\/canal7slp.tv\/2026\/wp-json\/wp\/v2\/types\/post"}],"author":[{"embeddable":true,"href":"https:\/\/canal7slp.tv\/2026\/wp-json\/wp\/v2\/users\/2"}],"replies":[{"embeddable":true,"href":"https:\/\/canal7slp.tv\/2026\/wp-json\/wp\/v2\/comments?post=183727"}],"version-history":[{"count":1,"href":"https:\/\/canal7slp.tv\/2026\/wp-json\/wp\/v2\/posts\/183727\/revisions"}],"predecessor-version":[{"id":183730,"href":"https:\/\/canal7slp.tv\/2026\/wp-json\/wp\/v2\/posts\/183727\/revisions\/183730"}],"wp:featuredmedia":[{"embeddable":true,"href":"https:\/\/canal7slp.tv\/2026\/wp-json\/wp\/v2\/media\/183729"}],"wp:attachment":[{"href":"https:\/\/canal7slp.tv\/2026\/wp-json\/wp\/v2\/media?parent=183727"}],"wp:term":[{"taxonomy":"category","embeddable":true,"href":"https:\/\/canal7slp.tv\/2026\/wp-json\/wp\/v2\/categories?post=183727"},{"taxonomy":"post_tag","embeddable":true,"href":"https:\/\/canal7slp.tv\/2026\/wp-json\/wp\/v2\/tags?post=183727"}],"curies":[{"name":"wp","href":"https:\/\/api.w.org\/{rel}","templated":true}]}}