{"id":183723,"date":"2025-10-31T21:04:24","date_gmt":"2025-11-01T03:04:24","guid":{"rendered":"https:\/\/canal7slp.tv\/2026\/?p=183723"},"modified":"2025-10-31T21:04:24","modified_gmt":"2025-11-01T03:04:24","slug":"necesario-cambiar-la-percepcion-social-hacia-la-personas-con-discapacidad-considera-atleta-paralimpica","status":"publish","type":"post","link":"https:\/\/canal7slp.tv\/2026\/necesario-cambiar-la-percepcion-social-hacia-la-personas-con-discapacidad-considera-atleta-paralimpica\/","title":{"rendered":"Necesario cambiar la percepci\u00f3n social hacia la personas con discapacidad, considera atleta paral\u00edmpica"},"content":{"rendered":"<p style=\"text-align: justify;\">SLP.- En el segundo d\u00eda del Simposium de Abordajes Interdisciplinarios en Discapacidad la atleta paral\u00edmpica Maricarmen Ram\u00edrez Garc\u00eda, particip\u00f3 con el tema \u201cParanataci\u00f3n y Resiliencia\u201d.<\/p>\n<p style=\"text-align: justify;\">En entrevista, afirm\u00f3 que ella nunca se ha sentido una persona con discapacidad y que pese a las adversidades que diariamente enfrenta, se tiene que seguir adelante, romper los l\u00edmites y enfrentar estigmas.<\/p>\n<p style=\"text-align: justify;\">Maricarmen es nadadora paral\u00edmpica y a nivel nacional ha representado a su natal Guanajuato en competencias deportivas y a nuestros pa\u00eds, en justas internacionales.<\/p>\n<p style=\"text-align: justify;\">Afirm\u00f3 que pese a los avances que se han tenido en el tema de la discapacidad lamentablemente desde la sociedad, existe todav\u00eda una percepci\u00f3n marcada por el estigma hacia este sector de la poblaci\u00f3n.<\/p>\n<p style=\"text-align: justify;\">Por: Claudio Ibarra<\/p>\n","protected":false},"excerpt":{"rendered":"<p>SLP.- En el segundo d\u00eda del Simposium de Abordajes Interdisciplinarios en Discapacidad la atleta paral\u00edmpica Maricarmen Ram\u00edrez Garc\u00eda, particip\u00f3 con el tema \u201cParanataci\u00f3n y Resiliencia\u201d. En entrevista, afirm\u00f3 que ella nunca se ha sentido una persona con discapacidad y que pese a las adversidades que diariamente enfrenta, se tiene que seguir adelante, romper los l\u00edmites y enfrentar estigmas. Maricarmen es nadadora paral\u00edmpica y a nivel nacional ha representado a su natal Guanajuato en competencias deportivas y a nuestros pa\u00eds, en justas internacionales. Afirm\u00f3 que pese a los avances que se han tenido en el tema de la discapacidad lamentablemente desde [&hellip;]<\/p>\n","protected":false},"author":2,"featured_media":183725,"comment_status":"closed","ping_status":"closed","sticky":false,"template":"","format":"video","meta":{"_monsterinsights_skip_tracking":false,"_monsterinsights_sitenote_active":false,"_monsterinsights_sitenote_note":"","_monsterinsights_sitenote_category":0,"footnotes":""},"categories":[5,45],"tags":[],"class_list":["post-183723","post","type-post","status-publish","format-video","has-post-thumbnail","hentry","category-destacadas","category-localesyregionales","post_format-post-format-video","post--single"],"_links":{"self":[{"href":"https:\/\/canal7slp.tv\/2026\/wp-json\/wp\/v2\/posts\/183723","targetHints":{"allow":["GET"]}}],"collection":[{"href":"https:\/\/canal7slp.tv\/2026\/wp-json\/wp\/v2\/posts"}],"about":[{"href":"https:\/\/canal7slp.tv\/2026\/wp-json\/wp\/v2\/types\/post"}],"author":[{"embeddable":true,"href":"https:\/\/canal7slp.tv\/2026\/wp-json\/wp\/v2\/users\/2"}],"replies":[{"embeddable":true,"href":"https:\/\/canal7slp.tv\/2026\/wp-json\/wp\/v2\/comments?post=183723"}],"version-history":[{"count":1,"href":"https:\/\/canal7slp.tv\/2026\/wp-json\/wp\/v2\/posts\/183723\/revisions"}],"predecessor-version":[{"id":183726,"href":"https:\/\/canal7slp.tv\/2026\/wp-json\/wp\/v2\/posts\/183723\/revisions\/183726"}],"wp:featuredmedia":[{"embeddable":true,"href":"https:\/\/canal7slp.tv\/2026\/wp-json\/wp\/v2\/media\/183725"}],"wp:attachment":[{"href":"https:\/\/canal7slp.tv\/2026\/wp-json\/wp\/v2\/media?parent=183723"}],"wp:term":[{"taxonomy":"category","embeddable":true,"href":"https:\/\/canal7slp.tv\/2026\/wp-json\/wp\/v2\/categories?post=183723"},{"taxonomy":"post_tag","embeddable":true,"href":"https:\/\/canal7slp.tv\/2026\/wp-json\/wp\/v2\/tags?post=183723"}],"curies":[{"name":"wp","href":"https:\/\/api.w.org\/{rel}","templated":true}]}}