{"id":183720,"date":"2025-10-31T20:52:51","date_gmt":"2025-11-01T02:52:51","guid":{"rendered":"https:\/\/canal7slp.tv\/2026\/?p=183720"},"modified":"2025-10-31T20:53:22","modified_gmt":"2025-11-01T02:53:22","slug":"gobierno-federal-prepara-el-regreso-de-aerolineas-de-carga-al-aicm","status":"publish","type":"post","link":"https:\/\/canal7slp.tv\/2026\/gobierno-federal-prepara-el-regreso-de-aerolineas-de-carga-al-aicm\/","title":{"rendered":"Gobierno federal prepara el regreso de aerol\u00edneas de carga al AICM"},"content":{"rendered":"<p style=\"text-align: justify;\">M\u00e9xico.- El gobierno de la presidenta Claudia Sheinbaum ha iniciado un proceso para permitir que las aerol\u00edneas de carga internacionales operen nuevamente en el Aeropuerto Internacional de la Ciudad de M\u00e9xico (AICM) durante horarios no saturados. Esta medida busca recuperar los horarios perdidos por las aerol\u00edneas debido a los decretos del expresidente Andr\u00e9s Manuel L\u00f3pez Obrador.<\/p>\n<p style=\"text-align: justify;\">Antonio Cos\u00edo, presidente del Consejo Nacional Empresarial Tur\u00edstico (CNET), mencion\u00f3 que se han dado autorizaciones para que las aerol\u00edneas de carga operen en horarios con menor tr\u00e1fico. Sin embargo, posteriormente aclar\u00f3 que no hay autorizaciones oficiales hasta el momento. A pesar de esto, fuentes del sector han indicado que existe un compromiso por parte del gobierno para aumentar el n\u00famero de operaciones permitidas en el AICM y facilitar el regreso de vuelos de carga en horarios no saturados.<\/p>\n<p style=\"text-align: justify;\">El Departamento de Transporte (DOT) de Estados Unidos ha amenazado a las aerol\u00edneas mexicanas con restricciones en sus operaciones de carga en respuesta a la prohibici\u00f3n vigente en el AICM, establecida por el anterior gobierno. Cos\u00edo tambi\u00e9n destac\u00f3 la necesidad de revertir los decretos que afectan las operaciones a\u00e9reas, ya que estos est\u00e1n siendo utilizados por la administraci\u00f3n estadounidense para sancionar a las aerol\u00edneas mexicanas.<\/p>\n<p style=\"text-align: justify;\">A pesar de las restricciones, aerol\u00edneas como Volaris han confirmado que sus vuelos hacia Estados Unidos contin\u00faan operando seg\u00fan lo programado, sin cambios en itinerarios ni frecuencias. Por otro lado, Viva Aerobus ha se\u00f1alado que la cancelaci\u00f3n de algunos vuelos afectar\u00e1 a pasajeros, aunque sus rutas hacia Estados Unidos siguen funcionando normalmente.<\/p>\n<p style=\"text-align: justify;\">La situaci\u00f3n actual refleja la necesidad de ajustes en las pol\u00edticas aeroportuarias para mejorar la conectividad y las operaciones de carga en el pa\u00eds.<\/p>\n","protected":false},"excerpt":{"rendered":"<p>M\u00e9xico.- El gobierno de la presidenta Claudia Sheinbaum ha iniciado un proceso para permitir que las aerol\u00edneas de carga internacionales operen nuevamente en el Aeropuerto Internacional de la Ciudad de M\u00e9xico (AICM) durante horarios no saturados. Esta medida busca recuperar los horarios perdidos por las aerol\u00edneas debido a los decretos del expresidente Andr\u00e9s Manuel L\u00f3pez Obrador. Antonio Cos\u00edo, presidente del Consejo Nacional Empresarial Tur\u00edstico (CNET), mencion\u00f3 que se han dado autorizaciones para que las aerol\u00edneas de carga operen en horarios con menor tr\u00e1fico. Sin embargo, posteriormente aclar\u00f3 que no hay autorizaciones oficiales hasta el momento. A pesar de esto, fuentes [&hellip;]<\/p>\n","protected":false},"author":2,"featured_media":183721,"comment_status":"closed","ping_status":"closed","sticky":false,"template":"","format":"standard","meta":{"_monsterinsights_skip_tracking":false,"_monsterinsights_sitenote_active":false,"_monsterinsights_sitenote_note":"","_monsterinsights_sitenote_category":0,"footnotes":""},"categories":[40],"tags":[],"class_list":["post-183720","post","type-post","status-publish","format-standard","has-post-thumbnail","hentry","category-economia","post--single"],"_links":{"self":[{"href":"https:\/\/canal7slp.tv\/2026\/wp-json\/wp\/v2\/posts\/183720","targetHints":{"allow":["GET"]}}],"collection":[{"href":"https:\/\/canal7slp.tv\/2026\/wp-json\/wp\/v2\/posts"}],"about":[{"href":"https:\/\/canal7slp.tv\/2026\/wp-json\/wp\/v2\/types\/post"}],"author":[{"embeddable":true,"href":"https:\/\/canal7slp.tv\/2026\/wp-json\/wp\/v2\/users\/2"}],"replies":[{"embeddable":true,"href":"https:\/\/canal7slp.tv\/2026\/wp-json\/wp\/v2\/comments?post=183720"}],"version-history":[{"count":1,"href":"https:\/\/canal7slp.tv\/2026\/wp-json\/wp\/v2\/posts\/183720\/revisions"}],"predecessor-version":[{"id":183722,"href":"https:\/\/canal7slp.tv\/2026\/wp-json\/wp\/v2\/posts\/183720\/revisions\/183722"}],"wp:featuredmedia":[{"embeddable":true,"href":"https:\/\/canal7slp.tv\/2026\/wp-json\/wp\/v2\/media\/183721"}],"wp:attachment":[{"href":"https:\/\/canal7slp.tv\/2026\/wp-json\/wp\/v2\/media?parent=183720"}],"wp:term":[{"taxonomy":"category","embeddable":true,"href":"https:\/\/canal7slp.tv\/2026\/wp-json\/wp\/v2\/categories?post=183720"},{"taxonomy":"post_tag","embeddable":true,"href":"https:\/\/canal7slp.tv\/2026\/wp-json\/wp\/v2\/tags?post=183720"}],"curies":[{"name":"wp","href":"https:\/\/api.w.org\/{rel}","templated":true}]}}