{"id":183716,"date":"2025-10-31T19:00:32","date_gmt":"2025-11-01T01:00:32","guid":{"rendered":"https:\/\/canal7slp.tv\/2026\/?p=183716"},"modified":"2025-10-31T19:00:32","modified_gmt":"2025-11-01T01:00:32","slug":"pib-de-mexico-cae-en-el-tercer-trimestre-por-debilidad-del-sector-industrial","status":"publish","type":"post","link":"https:\/\/canal7slp.tv\/2026\/pib-de-mexico-cae-en-el-tercer-trimestre-por-debilidad-del-sector-industrial\/","title":{"rendered":"PIB de M\u00e9xico cae en el tercer trimestre por debilidad del sector industrial"},"content":{"rendered":"<p style=\"text-align: justify;\">M\u00e9dico.- La actividad econ\u00f3mica en M\u00e9xico registr\u00f3 una contracci\u00f3n durante el tercer trimestre del a\u00f1o, seg\u00fan datos del INEGI.<\/p>\n<p style=\"text-align: justify;\">El Producto Interno Bruto (PIB) mostr\u00f3 una disminuci\u00f3n trimestral, impulsada principalmente por una ca\u00edda en el sector industrial.<\/p>\n<p style=\"text-align: justify;\">Analistas econ\u00f3micos atribuyen este comportamiento a factores como la incertidumbre global, la coyuntura arancelaria y un menor gasto p\u00fablico en inversi\u00f3n.<\/p>\n<p style=\"text-align: justify;\">No obstante, se anticipa una recuperaci\u00f3n moderada para el \u00faltimo trimestre del a\u00f1o, impulsada por el consumo estacional y una posible reactivaci\u00f3n del gasto p\u00fablico.<\/p>\n","protected":false},"excerpt":{"rendered":"<p>M\u00e9dico.- La actividad econ\u00f3mica en M\u00e9xico registr\u00f3 una contracci\u00f3n durante el tercer trimestre del a\u00f1o, seg\u00fan datos del INEGI. El Producto Interno Bruto (PIB) mostr\u00f3 una disminuci\u00f3n trimestral, impulsada principalmente por una ca\u00edda en el sector industrial. Analistas econ\u00f3micos atribuyen este comportamiento a factores como la incertidumbre global, la coyuntura arancelaria y un menor gasto p\u00fablico en inversi\u00f3n. No obstante, se anticipa una recuperaci\u00f3n moderada para el \u00faltimo trimestre del a\u00f1o, impulsada por el consumo estacional y una posible reactivaci\u00f3n del gasto p\u00fablico.<\/p>\n","protected":false},"author":2,"featured_media":183717,"comment_status":"closed","ping_status":"closed","sticky":false,"template":"","format":"standard","meta":{"_monsterinsights_skip_tracking":false,"_monsterinsights_sitenote_active":false,"_monsterinsights_sitenote_note":"","_monsterinsights_sitenote_category":0,"footnotes":""},"categories":[40,46],"tags":[],"class_list":["post-183716","post","type-post","status-publish","format-standard","has-post-thumbnail","hentry","category-economia","category-nacional","post--single"],"_links":{"self":[{"href":"https:\/\/canal7slp.tv\/2026\/wp-json\/wp\/v2\/posts\/183716","targetHints":{"allow":["GET"]}}],"collection":[{"href":"https:\/\/canal7slp.tv\/2026\/wp-json\/wp\/v2\/posts"}],"about":[{"href":"https:\/\/canal7slp.tv\/2026\/wp-json\/wp\/v2\/types\/post"}],"author":[{"embeddable":true,"href":"https:\/\/canal7slp.tv\/2026\/wp-json\/wp\/v2\/users\/2"}],"replies":[{"embeddable":true,"href":"https:\/\/canal7slp.tv\/2026\/wp-json\/wp\/v2\/comments?post=183716"}],"version-history":[{"count":2,"href":"https:\/\/canal7slp.tv\/2026\/wp-json\/wp\/v2\/posts\/183716\/revisions"}],"predecessor-version":[{"id":183719,"href":"https:\/\/canal7slp.tv\/2026\/wp-json\/wp\/v2\/posts\/183716\/revisions\/183719"}],"wp:featuredmedia":[{"embeddable":true,"href":"https:\/\/canal7slp.tv\/2026\/wp-json\/wp\/v2\/media\/183717"}],"wp:attachment":[{"href":"https:\/\/canal7slp.tv\/2026\/wp-json\/wp\/v2\/media?parent=183716"}],"wp:term":[{"taxonomy":"category","embeddable":true,"href":"https:\/\/canal7slp.tv\/2026\/wp-json\/wp\/v2\/categories?post=183716"},{"taxonomy":"post_tag","embeddable":true,"href":"https:\/\/canal7slp.tv\/2026\/wp-json\/wp\/v2\/tags?post=183716"}],"curies":[{"name":"wp","href":"https:\/\/api.w.org\/{rel}","templated":true}]}}