{"id":183689,"date":"2025-10-31T18:16:46","date_gmt":"2025-11-01T00:16:46","guid":{"rendered":"https:\/\/canal7slp.tv\/2026\/?p=183689"},"modified":"2025-10-31T18:16:46","modified_gmt":"2025-11-01T00:16:46","slug":"prepara-uaslp-eleccion-de-nuevo-director-de-la-facultad-de-derecho","status":"publish","type":"post","link":"https:\/\/canal7slp.tv\/2026\/prepara-uaslp-eleccion-de-nuevo-director-de-la-facultad-de-derecho\/","title":{"rendered":"Prepara UASLP elecci\u00f3n de nuevo director de la Facultad de Derecho"},"content":{"rendered":"<p style=\"text-align: justify;\"><span style=\"font-size: 1.21429rem;\">SLP.- La Facultad de Derecho de la Universidad Aut\u00f3noma de San Luis Potos\u00ed (UASLP) comenz\u00f3 con el proceso para designar a su nueva direcci\u00f3n, luego de la renuncia de Germ\u00e1n Pedroza, derivada de omisiones en la atenci\u00f3n de casos de agresi\u00f3n sexual.<\/span><\/p>\n<p style=\"text-align: justify;\">La convocatoria fue publicada esta semana y marca el 14 de noviembre como fecha para la recepci\u00f3n de documentos de las y los aspirantes.<\/p>\n<p style=\"text-align: justify;\">\u201cEl d\u00eda 14 del mes de noviembre ser\u00e1 en un horario de 9 a 2 de la tarde la recepci\u00f3n de todos los documentos con las solicitudes correspondientes de las personas que tengan aspiraciones a ocupar el cargo de director de la Facultad\u201d, inform\u00f3 Jes\u00fas Javier Delgado San, director interino del plantel.<\/p>\n<p style=\"text-align: justify;\">El acad\u00e9mico precis\u00f3 que a\u00fan no ha recibido notificaciones ni solicitudes de registro.<\/p>\n<p style=\"text-align: justify;\">\u201cNo, le soy sincero, no, definitivamente no he recibido ni de forma verbal ni de forma escrita. Yo creo que esto se har\u00e1 definitivamente en el plazo que tenemos de 14 d\u00edas, 15 d\u00edas\u00bb, dijo.<\/p>\n<p style=\"text-align: justify;\">A\u00f1adi\u00f3 que el proceso ser\u00e1 transparente y apegado a la normativa universitaria. Tambi\u00e9n se pronunci\u00f3 sobre una eventual candidatura personal.<\/p>\n<p style=\"text-align: justify;\">\u201cPues bueno, es una convocatoria abierta, yo lo debo decir definitivamente que esto es respetando los lineamientos y lo establecido en el estatuto org\u00e1nico&#8230; Mire, todav\u00eda esto lo tengo definitivamente que evaluar&#8230; Son cuestiones de car\u00e1cter meramente personal, profesional, obviamente\u00bb, declar\u00f3.<\/p>\n<p style=\"text-align: justify;\">El periodo que se renovar\u00e1 corresponde al del exdirector, cuyo nombramiento era por cuatro a\u00f1os y de los cuales se cumplieron apenas un a\u00f1o y ocho meses.<\/p>\n<p>Por: Jos\u00e9 Luis V\u00e1zquez<\/p>\n","protected":false},"excerpt":{"rendered":"<p>SLP.- La Facultad de Derecho de la Universidad Aut\u00f3noma de San Luis Potos\u00ed (UASLP) comenz\u00f3 con el proceso para designar a su nueva direcci\u00f3n, luego de la renuncia de Germ\u00e1n Pedroza, derivada de omisiones en la atenci\u00f3n de casos de agresi\u00f3n sexual. La convocatoria fue publicada esta semana y marca el 14 de noviembre como fecha para la recepci\u00f3n de documentos de las y los aspirantes. \u201cEl d\u00eda 14 del mes de noviembre ser\u00e1 en un horario de 9 a 2 de la tarde la recepci\u00f3n de todos los documentos con las solicitudes correspondientes de las personas que tengan aspiraciones [&hellip;]<\/p>\n","protected":false},"author":2,"featured_media":183698,"comment_status":"closed","ping_status":"closed","sticky":false,"template":"","format":"video","meta":{"_monsterinsights_skip_tracking":false,"_monsterinsights_sitenote_active":false,"_monsterinsights_sitenote_note":"","_monsterinsights_sitenote_category":0,"footnotes":""},"categories":[5,45],"tags":[],"class_list":["post-183689","post","type-post","status-publish","format-video","has-post-thumbnail","hentry","category-destacadas","category-localesyregionales","post_format-post-format-video","post--single"],"_links":{"self":[{"href":"https:\/\/canal7slp.tv\/2026\/wp-json\/wp\/v2\/posts\/183689","targetHints":{"allow":["GET"]}}],"collection":[{"href":"https:\/\/canal7slp.tv\/2026\/wp-json\/wp\/v2\/posts"}],"about":[{"href":"https:\/\/canal7slp.tv\/2026\/wp-json\/wp\/v2\/types\/post"}],"author":[{"embeddable":true,"href":"https:\/\/canal7slp.tv\/2026\/wp-json\/wp\/v2\/users\/2"}],"replies":[{"embeddable":true,"href":"https:\/\/canal7slp.tv\/2026\/wp-json\/wp\/v2\/comments?post=183689"}],"version-history":[{"count":1,"href":"https:\/\/canal7slp.tv\/2026\/wp-json\/wp\/v2\/posts\/183689\/revisions"}],"predecessor-version":[{"id":183699,"href":"https:\/\/canal7slp.tv\/2026\/wp-json\/wp\/v2\/posts\/183689\/revisions\/183699"}],"wp:featuredmedia":[{"embeddable":true,"href":"https:\/\/canal7slp.tv\/2026\/wp-json\/wp\/v2\/media\/183698"}],"wp:attachment":[{"href":"https:\/\/canal7slp.tv\/2026\/wp-json\/wp\/v2\/media?parent=183689"}],"wp:term":[{"taxonomy":"category","embeddable":true,"href":"https:\/\/canal7slp.tv\/2026\/wp-json\/wp\/v2\/categories?post=183689"},{"taxonomy":"post_tag","embeddable":true,"href":"https:\/\/canal7slp.tv\/2026\/wp-json\/wp\/v2\/tags?post=183689"}],"curies":[{"name":"wp","href":"https:\/\/api.w.org\/{rel}","templated":true}]}}