{"id":183684,"date":"2025-10-31T17:37:38","date_gmt":"2025-10-31T23:37:38","guid":{"rendered":"https:\/\/canal7slp.tv\/2026\/?p=183684"},"modified":"2025-10-31T17:37:38","modified_gmt":"2025-10-31T23:37:38","slug":"cmic-reporto-baja-en-la-construccion-en-2025-debido-a-tema-de-aranceles","status":"publish","type":"post","link":"https:\/\/canal7slp.tv\/2026\/cmic-reporto-baja-en-la-construccion-en-2025-debido-a-tema-de-aranceles\/","title":{"rendered":"CMIC report\u00f3 baja en la construcci\u00f3n en 2025 debido a tema de aranceles"},"content":{"rendered":"<p style=\"text-align: justify;\">SLP.- Durante el a\u00f1o 2025 se tuvo una ca\u00edda en la construcci\u00f3n realizada afirm\u00f3 el presidente de la C\u00e1mara Mexicana de la Industria de la Construcci\u00f3n, Leopoldo Stevens P\u00e9rez.<\/p>\n<p style=\"text-align: justify;\">\u201cDatos del INEGI siguen saliendo que hay contracci\u00f3n econ\u00f3mica, o sea en la construcci\u00f3n, sigue la construcci\u00f3n a la baja, es una situaci\u00f3n no de nuestro estado, es una situaci\u00f3n a nivel nacional\u201d.<\/p>\n<p style=\"text-align: justify;\">Este fen\u00f3meno se debe en gran parte a la serie de aranceles y expectativa que se genera por parte del Gobierno de los Estado Unidos de Am\u00e9rica a cargo del presidente Donald Trump.<\/p>\n<p style=\"text-align: justify;\">\u201cPor los efectos de la inversi\u00f3n que est\u00e1 mermada mucho por la incertidumbre de los Estados Unidos y sus aranceles\u201d.<\/p>\n<p style=\"text-align: justify;\">Se\u00f1al\u00f3 que esperan una vez que el gobierno de los Estados Unidos indique cu\u00e1les ser\u00e1n las cargas tributarias, pueda regresar la cantidad de obra prospectada.<\/p>\n<p style=\"text-align: justify;\">\u201cEst\u00e1 iniciando una administraci\u00f3n y de aqu\u00ed a que toma rumbo la verdad pensamos que se va a incrementar\u201d.<\/p>\n<p style=\"text-align: justify;\">Entre el 2024, previo al gobierno de Donald Trump, y el a\u00f1o 2025, se estima hubo un decremento de obra del 20%.<\/p>\n<p style=\"text-align: justify;\">\u201cComo un 20% de decrecimiento en la industria de la construcci\u00f3n con respecto al a\u00f1o pasado\u201d.<\/p>\n<p style=\"text-align: justify;\">Cuestionado por los colaboradores y la disminuci\u00f3n de la plantilla o las jornadas laborales, el presidente se\u00f1al\u00f3 que debido a la naturaleza de contrataci\u00f3n no se han visto tan afectados.<\/p>\n<p style=\"text-align: justify;\">\u201cLa industria de la construcci\u00f3n tiene trabajadores eventuales, entonces nosotros ejecutamos obra y los trabajadores hacen los trabajos, se retiran y van a otras empresas constructoras que tienen trabajo\u201d.<\/p>\n<p>Por: Juan Carlos Contreras<\/p>\n","protected":false},"excerpt":{"rendered":"<p>SLP.- Durante el a\u00f1o 2025 se tuvo una ca\u00edda en la construcci\u00f3n realizada afirm\u00f3 el presidente de la C\u00e1mara Mexicana de la Industria de la Construcci\u00f3n, Leopoldo Stevens P\u00e9rez. \u201cDatos del INEGI siguen saliendo que hay contracci\u00f3n econ\u00f3mica, o sea en la construcci\u00f3n, sigue la construcci\u00f3n a la baja, es una situaci\u00f3n no de nuestro estado, es una situaci\u00f3n a nivel nacional\u201d. Este fen\u00f3meno se debe en gran parte a la serie de aranceles y expectativa que se genera por parte del Gobierno de los Estado Unidos de Am\u00e9rica a cargo del presidente Donald Trump. \u201cPor los efectos de la [&hellip;]<\/p>\n","protected":false},"author":2,"featured_media":183685,"comment_status":"closed","ping_status":"closed","sticky":false,"template":"","format":"video","meta":{"_monsterinsights_skip_tracking":false,"_monsterinsights_sitenote_active":false,"_monsterinsights_sitenote_note":"","_monsterinsights_sitenote_category":0,"footnotes":""},"categories":[5,45],"tags":[],"class_list":["post-183684","post","type-post","status-publish","format-video","has-post-thumbnail","hentry","category-destacadas","category-localesyregionales","post_format-post-format-video","post--single"],"_links":{"self":[{"href":"https:\/\/canal7slp.tv\/2026\/wp-json\/wp\/v2\/posts\/183684","targetHints":{"allow":["GET"]}}],"collection":[{"href":"https:\/\/canal7slp.tv\/2026\/wp-json\/wp\/v2\/posts"}],"about":[{"href":"https:\/\/canal7slp.tv\/2026\/wp-json\/wp\/v2\/types\/post"}],"author":[{"embeddable":true,"href":"https:\/\/canal7slp.tv\/2026\/wp-json\/wp\/v2\/users\/2"}],"replies":[{"embeddable":true,"href":"https:\/\/canal7slp.tv\/2026\/wp-json\/wp\/v2\/comments?post=183684"}],"version-history":[{"count":1,"href":"https:\/\/canal7slp.tv\/2026\/wp-json\/wp\/v2\/posts\/183684\/revisions"}],"predecessor-version":[{"id":183686,"href":"https:\/\/canal7slp.tv\/2026\/wp-json\/wp\/v2\/posts\/183684\/revisions\/183686"}],"wp:featuredmedia":[{"embeddable":true,"href":"https:\/\/canal7slp.tv\/2026\/wp-json\/wp\/v2\/media\/183685"}],"wp:attachment":[{"href":"https:\/\/canal7slp.tv\/2026\/wp-json\/wp\/v2\/media?parent=183684"}],"wp:term":[{"taxonomy":"category","embeddable":true,"href":"https:\/\/canal7slp.tv\/2026\/wp-json\/wp\/v2\/categories?post=183684"},{"taxonomy":"post_tag","embeddable":true,"href":"https:\/\/canal7slp.tv\/2026\/wp-json\/wp\/v2\/tags?post=183684"}],"curies":[{"name":"wp","href":"https:\/\/api.w.org\/{rel}","templated":true}]}}