{"id":183674,"date":"2025-10-31T16:54:10","date_gmt":"2025-10-31T22:54:10","guid":{"rendered":"https:\/\/canal7slp.tv\/2026\/?p=183674"},"modified":"2025-10-31T16:54:10","modified_gmt":"2025-10-31T22:54:10","slug":"madres-de-ninos-autistas-nivel-dos-y-tres-tienen-sobrecarga-de-labores-y-estres","status":"publish","type":"post","link":"https:\/\/canal7slp.tv\/2026\/madres-de-ninos-autistas-nivel-dos-y-tres-tienen-sobrecarga-de-labores-y-estres\/","title":{"rendered":"Madres de ni\u00f1os autistas nivel dos y tres tienen sobrecarga de labores y estr\u00e9s"},"content":{"rendered":"<p style=\"text-align: justify;\">SLP.- En estudio realizado en madres de familia con hijos autistas en Villa de Reyes se indic\u00f3 que existe una sobrecarga de labores de cuidado de parte de las progenitoras al grado de que los esposos no intervienen en la crianza de los v\u00e1stagos.<\/p>\n<p style=\"text-align: justify;\">La conferencista Laura Carolina Hern\u00e1ndez Garc\u00eda, habl\u00f3 al respecto.<\/p>\n<p style=\"text-align: justify;\">\u201cLas condiciones socioecon\u00f3micas var\u00edan y no todas cuentan con seguridad social y los factores como el nivel educativo, la maternidad m\u00faltiple y algunas comorbilidades m\u00e9dicas agravaban la carga\u201d.<\/p>\n<p style=\"text-align: justify;\">El feminizar el cuidado de los hijos y del hogar se mantiene.<\/p>\n<p style=\"text-align: justify;\">\u201cEl cuidado sigue siendo feminizado porque no hay corresponsabilidad masculina significativa aunque hay esposos no hay una digamos que compartir esa responsabilidad\u201d.<\/p>\n<p style=\"text-align: justify;\">La sobrecarga de labor tiene sus repercusiones.<\/p>\n<p style=\"text-align: justify;\">\u201cEs impacto en el cuidado y en el autocuidado, las relaciones interpersonales pues ya son personas que tienen la tendencia a aislarse (\u2026) percepci\u00f3n de querer darle m\u00e1s a sus hijos pero ya no tener fuerza para hacerlo\u201d.<\/p>\n<p style=\"text-align: justify;\">Los niveles de cari\u00f1o o afecto bajan.<\/p>\n<p style=\"text-align: justify;\">\u201cEl estr\u00e9s materno disminuye esa capacidad afectiva y sobre todo esa paciencia (\u2026) y la calidad de los apoyos se ve limitada por el aislamiento y sobre todo por la ausencia de redes de apoyo\u201d.<\/p>\n<p style=\"text-align: justify;\">Otro de los resultados del diagn\u00f3stico realizado son que las mujeres dedican todo el d\u00eda para el cuidado de sus hijos sin apoyo del padre, existe precariedad econ\u00f3mica, hay estr\u00e9s y deterioro en la calidad de vida.<\/p>\n<p>Por: Juan Carlos Contreras<\/p>\n","protected":false},"excerpt":{"rendered":"<p>SLP.- En estudio realizado en madres de familia con hijos autistas en Villa de Reyes se indic\u00f3 que existe una sobrecarga de labores de cuidado de parte de las progenitoras al grado de que los esposos no intervienen en la crianza de los v\u00e1stagos. La conferencista Laura Carolina Hern\u00e1ndez Garc\u00eda, habl\u00f3 al respecto. \u201cLas condiciones socioecon\u00f3micas var\u00edan y no todas cuentan con seguridad social y los factores como el nivel educativo, la maternidad m\u00faltiple y algunas comorbilidades m\u00e9dicas agravaban la carga\u201d. El feminizar el cuidado de los hijos y del hogar se mantiene. \u201cEl cuidado sigue siendo feminizado porque no [&hellip;]<\/p>\n","protected":false},"author":2,"featured_media":183675,"comment_status":"closed","ping_status":"closed","sticky":false,"template":"","format":"video","meta":{"_monsterinsights_skip_tracking":false,"_monsterinsights_sitenote_active":false,"_monsterinsights_sitenote_note":"","_monsterinsights_sitenote_category":0,"footnotes":""},"categories":[5,45],"tags":[],"class_list":["post-183674","post","type-post","status-publish","format-video","has-post-thumbnail","hentry","category-destacadas","category-localesyregionales","post_format-post-format-video","post--single"],"_links":{"self":[{"href":"https:\/\/canal7slp.tv\/2026\/wp-json\/wp\/v2\/posts\/183674","targetHints":{"allow":["GET"]}}],"collection":[{"href":"https:\/\/canal7slp.tv\/2026\/wp-json\/wp\/v2\/posts"}],"about":[{"href":"https:\/\/canal7slp.tv\/2026\/wp-json\/wp\/v2\/types\/post"}],"author":[{"embeddable":true,"href":"https:\/\/canal7slp.tv\/2026\/wp-json\/wp\/v2\/users\/2"}],"replies":[{"embeddable":true,"href":"https:\/\/canal7slp.tv\/2026\/wp-json\/wp\/v2\/comments?post=183674"}],"version-history":[{"count":1,"href":"https:\/\/canal7slp.tv\/2026\/wp-json\/wp\/v2\/posts\/183674\/revisions"}],"predecessor-version":[{"id":183676,"href":"https:\/\/canal7slp.tv\/2026\/wp-json\/wp\/v2\/posts\/183674\/revisions\/183676"}],"wp:featuredmedia":[{"embeddable":true,"href":"https:\/\/canal7slp.tv\/2026\/wp-json\/wp\/v2\/media\/183675"}],"wp:attachment":[{"href":"https:\/\/canal7slp.tv\/2026\/wp-json\/wp\/v2\/media?parent=183674"}],"wp:term":[{"taxonomy":"category","embeddable":true,"href":"https:\/\/canal7slp.tv\/2026\/wp-json\/wp\/v2\/categories?post=183674"},{"taxonomy":"post_tag","embeddable":true,"href":"https:\/\/canal7slp.tv\/2026\/wp-json\/wp\/v2\/tags?post=183674"}],"curies":[{"name":"wp","href":"https:\/\/api.w.org\/{rel}","templated":true}]}}