{"id":183666,"date":"2025-10-31T16:43:05","date_gmt":"2025-10-31T22:43:05","guid":{"rendered":"https:\/\/canal7slp.tv\/2026\/?p=183666"},"modified":"2025-10-31T16:45:16","modified_gmt":"2025-10-31T22:45:16","slug":"macron-visitara-mexico-para-fortalecer-inversiones-y-la-cooperacion-cultural","status":"publish","type":"post","link":"https:\/\/canal7slp.tv\/2026\/macron-visitara-mexico-para-fortalecer-inversiones-y-la-cooperacion-cultural\/","title":{"rendered":"Macron visitar\u00e1 M\u00e9xico para fortalecer inversiones y la cooperaci\u00f3n cultural"},"content":{"rendered":"<p style=\"text-align: justify;\">Par\u00eds.- El presidente de Francia, Emmanuel Macron, realizar\u00e1 una visita oficial a M\u00e9xico el pr\u00f3ximo viernes 7 de noviembre, donde ser\u00e1 recibido por la presidenta Claudia Sheinbaum. Se trata del primer encuentro de un jefe de Estado con el actual gobierno mexicano desde su inicio hace un a\u00f1o.<\/p>\n<p style=\"text-align: justify;\">De acuerdo con fuentes del gobierno franc\u00e9s, el prop\u00f3sito principal del viaje es reforzar los v\u00ednculos econ\u00f3micos bilaterales, con \u00e9nfasis en aumentar la presencia de empresas francesas en M\u00e9xico y fomentar inversiones mexicanas en Francia. Actualmente, M\u00e9xico es el principal inversionista latinoamericano en territorio franc\u00e9s.<\/p>\n<p style=\"text-align: justify;\">La agenda contempla un encuentro bilateral, una reuni\u00f3n con representantes empresariales de ambos pa\u00edses y la firma de acuerdos de cooperaci\u00f3n cultural en una instituci\u00f3n muse\u00edstica mexicana.<\/p>\n<p style=\"text-align: justify;\">Adem\u00e1s, se abordar\u00e1 la solicitud de M\u00e9xico para la restituci\u00f3n del C\u00f3dice Borb\u00f3nico, un manuscrito azteca del siglo XV. Autoridades francesas reconocieron la relevancia del tema y confirmaron la existencia de un grupo de trabajo bilateral que se re\u00fane semanalmente para tratarlo, aunque no se prev\u00e9n decisiones concretas durante esta visita.<\/p>\n","protected":false},"excerpt":{"rendered":"<p>Par\u00eds.- El presidente de Francia, Emmanuel Macron, realizar\u00e1 una visita oficial a M\u00e9xico el pr\u00f3ximo viernes 7 de noviembre, donde ser\u00e1 recibido por la presidenta Claudia Sheinbaum. Se trata del primer encuentro de un jefe de Estado con el actual gobierno mexicano desde su inicio hace un a\u00f1o. De acuerdo con fuentes del gobierno franc\u00e9s, el prop\u00f3sito principal del viaje es reforzar los v\u00ednculos econ\u00f3micos bilaterales, con \u00e9nfasis en aumentar la presencia de empresas francesas en M\u00e9xico y fomentar inversiones mexicanas en Francia. Actualmente, M\u00e9xico es el principal inversionista latinoamericano en territorio franc\u00e9s. La agenda contempla un encuentro bilateral, una [&hellip;]<\/p>\n","protected":false},"author":2,"featured_media":183669,"comment_status":"closed","ping_status":"closed","sticky":false,"template":"","format":"standard","meta":{"_monsterinsights_skip_tracking":false,"_monsterinsights_sitenote_active":false,"_monsterinsights_sitenote_note":"","_monsterinsights_sitenote_category":0,"footnotes":""},"categories":[40,44,46],"tags":[],"class_list":["post-183666","post","type-post","status-publish","format-standard","has-post-thumbnail","hentry","category-economia","category-internacional","category-nacional","post--single"],"_links":{"self":[{"href":"https:\/\/canal7slp.tv\/2026\/wp-json\/wp\/v2\/posts\/183666","targetHints":{"allow":["GET"]}}],"collection":[{"href":"https:\/\/canal7slp.tv\/2026\/wp-json\/wp\/v2\/posts"}],"about":[{"href":"https:\/\/canal7slp.tv\/2026\/wp-json\/wp\/v2\/types\/post"}],"author":[{"embeddable":true,"href":"https:\/\/canal7slp.tv\/2026\/wp-json\/wp\/v2\/users\/2"}],"replies":[{"embeddable":true,"href":"https:\/\/canal7slp.tv\/2026\/wp-json\/wp\/v2\/comments?post=183666"}],"version-history":[{"count":1,"href":"https:\/\/canal7slp.tv\/2026\/wp-json\/wp\/v2\/posts\/183666\/revisions"}],"predecessor-version":[{"id":183668,"href":"https:\/\/canal7slp.tv\/2026\/wp-json\/wp\/v2\/posts\/183666\/revisions\/183668"}],"wp:featuredmedia":[{"embeddable":true,"href":"https:\/\/canal7slp.tv\/2026\/wp-json\/wp\/v2\/media\/183669"}],"wp:attachment":[{"href":"https:\/\/canal7slp.tv\/2026\/wp-json\/wp\/v2\/media?parent=183666"}],"wp:term":[{"taxonomy":"category","embeddable":true,"href":"https:\/\/canal7slp.tv\/2026\/wp-json\/wp\/v2\/categories?post=183666"},{"taxonomy":"post_tag","embeddable":true,"href":"https:\/\/canal7slp.tv\/2026\/wp-json\/wp\/v2\/tags?post=183666"}],"curies":[{"name":"wp","href":"https:\/\/api.w.org\/{rel}","templated":true}]}}