{"id":183660,"date":"2025-10-31T15:57:03","date_gmt":"2025-10-31T21:57:03","guid":{"rendered":"https:\/\/canal7slp.tv\/2026\/?p=183660"},"modified":"2025-10-31T15:57:03","modified_gmt":"2025-10-31T21:57:03","slug":"detienen-en-aguascalientes-a-el-charro-presunto-lider-regional-del-cjng","status":"publish","type":"post","link":"https:\/\/canal7slp.tv\/2026\/detienen-en-aguascalientes-a-el-charro-presunto-lider-regional-del-cjng\/","title":{"rendered":"Detienen en Aguascalientes a \u201cEl Charro\u201d, presunto l\u00edder regional del CJNG"},"content":{"rendered":"<p style=\"text-align: justify;\">Aguascalientes.- Elementos de las fuerzas de seguridad detuvieron este viernes 31 de octubre a tres personas en el estado de Aguascalientes, entre ellas Armando Nava Gallegos, alias \u201cEl Charro\u201d, identificado como presunto l\u00edder regional del Cartel Jalisco Nueva Generaci\u00f3n (CJNG).<\/p>\n<p style=\"text-align: justify;\">De acuerdo con el comunicado oficial, a los detenidos se les se\u00f1ala como responsables de actividades relacionadas con la distribuci\u00f3n de drogas, extorsi\u00f3n, secuestro y homicidios en la regi\u00f3n.<\/p>\n<p style=\"text-align: justify;\">La detenci\u00f3n fue resultado de un operativo en el que se aseguraron dos inmuebles utilizados como centros de operaci\u00f3n, as\u00ed como dinero en efectivo, veh\u00edculos, armamento, municiones y sustancias il\u00edcitas.<\/p>\n<p style=\"text-align: justify;\">En el operativo participaron elementos de la Secretar\u00eda de la Defensa Nacional, la Guardia Nacional y la Fiscal\u00eda General de la Rep\u00fablica. Los detenidos fueron puestos a disposici\u00f3n del agente del Ministerio P\u00fablico correspondiente, quien determinar\u00e1 su situaci\u00f3n legal.<\/p>\n","protected":false},"excerpt":{"rendered":"<p>Aguascalientes.- Elementos de las fuerzas de seguridad detuvieron este viernes 31 de octubre a tres personas en el estado de Aguascalientes, entre ellas Armando Nava Gallegos, alias \u201cEl Charro\u201d, identificado como presunto l\u00edder regional del Cartel Jalisco Nueva Generaci\u00f3n (CJNG). De acuerdo con el comunicado oficial, a los detenidos se les se\u00f1ala como responsables de actividades relacionadas con la distribuci\u00f3n de drogas, extorsi\u00f3n, secuestro y homicidios en la regi\u00f3n. La detenci\u00f3n fue resultado de un operativo en el que se aseguraron dos inmuebles utilizados como centros de operaci\u00f3n, as\u00ed como dinero en efectivo, veh\u00edculos, armamento, municiones y sustancias il\u00edcitas. En [&hellip;]<\/p>\n","protected":false},"author":2,"featured_media":183661,"comment_status":"closed","ping_status":"closed","sticky":false,"template":"","format":"standard","meta":{"_monsterinsights_skip_tracking":false,"_monsterinsights_sitenote_active":false,"_monsterinsights_sitenote_note":"","_monsterinsights_sitenote_category":0,"footnotes":""},"categories":[46],"tags":[],"class_list":["post-183660","post","type-post","status-publish","format-standard","has-post-thumbnail","hentry","category-nacional","post--single"],"_links":{"self":[{"href":"https:\/\/canal7slp.tv\/2026\/wp-json\/wp\/v2\/posts\/183660","targetHints":{"allow":["GET"]}}],"collection":[{"href":"https:\/\/canal7slp.tv\/2026\/wp-json\/wp\/v2\/posts"}],"about":[{"href":"https:\/\/canal7slp.tv\/2026\/wp-json\/wp\/v2\/types\/post"}],"author":[{"embeddable":true,"href":"https:\/\/canal7slp.tv\/2026\/wp-json\/wp\/v2\/users\/2"}],"replies":[{"embeddable":true,"href":"https:\/\/canal7slp.tv\/2026\/wp-json\/wp\/v2\/comments?post=183660"}],"version-history":[{"count":1,"href":"https:\/\/canal7slp.tv\/2026\/wp-json\/wp\/v2\/posts\/183660\/revisions"}],"predecessor-version":[{"id":183662,"href":"https:\/\/canal7slp.tv\/2026\/wp-json\/wp\/v2\/posts\/183660\/revisions\/183662"}],"wp:featuredmedia":[{"embeddable":true,"href":"https:\/\/canal7slp.tv\/2026\/wp-json\/wp\/v2\/media\/183661"}],"wp:attachment":[{"href":"https:\/\/canal7slp.tv\/2026\/wp-json\/wp\/v2\/media?parent=183660"}],"wp:term":[{"taxonomy":"category","embeddable":true,"href":"https:\/\/canal7slp.tv\/2026\/wp-json\/wp\/v2\/categories?post=183660"},{"taxonomy":"post_tag","embeddable":true,"href":"https:\/\/canal7slp.tv\/2026\/wp-json\/wp\/v2\/tags?post=183660"}],"curies":[{"name":"wp","href":"https:\/\/api.w.org\/{rel}","templated":true}]}}