{"id":183634,"date":"2025-10-31T13:52:39","date_gmt":"2025-10-31T19:52:39","guid":{"rendered":"https:\/\/canal7slp.tv\/2026\/?p=183634"},"modified":"2025-12-09T19:53:42","modified_gmt":"2025-12-10T01:53:42","slug":"fgj-cdmx-solicita-la-extradicion-de-simon-levy","status":"publish","type":"post","link":"https:\/\/canal7slp.tv\/2026\/fgj-cdmx-solicita-la-extradicion-de-simon-levy\/","title":{"rendered":"FGJ CDMX Solicita la extradici\u00f3n de Sim\u00f3n Levy"},"content":{"rendered":"<ul style=\"text-align: justify;\">\n<li>Tiene seis \u00f3rdenes de aprehensi\u00f3n vigentes.<\/li>\n<\/ul>\n<p style=\"text-align: justify;\">Ciudad de M\u00e9xico.- La fiscal general de Justicia de la Ciudad de M\u00e9xico, Bertha Alcalde Luj\u00e1n, inform\u00f3 que existen seis \u00f3rdenes de aprehensi\u00f3n en vigor contra el exfuncionario Sim\u00f3n Levy, quien actualmente se encuentra en Portugal.<\/p>\n<p style=\"text-align: justify;\">De acuerdo con la dependencia, las \u00f3rdenes judiciales fueron emitidas luego de que Levy no se presentara en seis audiencias consecutivas relacionadas con diversos procesos penales en su contra.<\/p>\n<p style=\"text-align: justify;\">El exfuncionario fue detenido el 28 de octubre en Lisboa, en cumplimiento de una ficha roja de Interpol, derivada de dos \u00f3rdenes de aprehensi\u00f3n mexicanas por los delitos de da\u00f1o a propiedad ajena, amenazas y delitos ambientales.<\/p>\n<p style=\"text-align: justify;\">Tras su detenci\u00f3n, el Tribunal de Apelaci\u00f3n de Lisboa determin\u00f3 dejarlo en libertad bajo medidas cautelares, mientras se revisa un posible caso de doble nacionalidad.<\/p>\n<p style=\"text-align: justify;\">La Fiscal\u00eda capitalina confirm\u00f3 que Levy permanece en territorio portugu\u00e9s y que se formalizar\u00e1 una solicitud de extradici\u00f3n a trav\u00e9s de los canales diplom\u00e1ticos correspondientes.<\/p>\n","protected":false},"excerpt":{"rendered":"<p>Tiene seis \u00f3rdenes de aprehensi\u00f3n vigentes. Ciudad de M\u00e9xico.- La fiscal general de Justicia de la Ciudad de M\u00e9xico, Bertha Alcalde Luj\u00e1n, inform\u00f3 que existen seis \u00f3rdenes de aprehensi\u00f3n en vigor contra el exfuncionario Sim\u00f3n Levy, quien actualmente se encuentra en Portugal. De acuerdo con la dependencia, las \u00f3rdenes judiciales fueron emitidas luego de que Levy no se presentara en seis audiencias consecutivas relacionadas con diversos procesos penales en su contra. El exfuncionario fue detenido el 28 de octubre en Lisboa, en cumplimiento de una ficha roja de Interpol, derivada de dos \u00f3rdenes de aprehensi\u00f3n mexicanas por los delitos de [&hellip;]<\/p>\n","protected":false},"author":2,"featured_media":183635,"comment_status":"closed","ping_status":"closed","sticky":false,"template":"","format":"standard","meta":{"_monsterinsights_skip_tracking":false,"_monsterinsights_sitenote_active":false,"_monsterinsights_sitenote_note":"","_monsterinsights_sitenote_category":0,"footnotes":""},"categories":[46],"tags":[],"class_list":["post-183634","post","type-post","status-publish","format-standard","has-post-thumbnail","hentry","category-nacional","post--single"],"_links":{"self":[{"href":"https:\/\/canal7slp.tv\/2026\/wp-json\/wp\/v2\/posts\/183634","targetHints":{"allow":["GET"]}}],"collection":[{"href":"https:\/\/canal7slp.tv\/2026\/wp-json\/wp\/v2\/posts"}],"about":[{"href":"https:\/\/canal7slp.tv\/2026\/wp-json\/wp\/v2\/types\/post"}],"author":[{"embeddable":true,"href":"https:\/\/canal7slp.tv\/2026\/wp-json\/wp\/v2\/users\/2"}],"replies":[{"embeddable":true,"href":"https:\/\/canal7slp.tv\/2026\/wp-json\/wp\/v2\/comments?post=183634"}],"version-history":[{"count":1,"href":"https:\/\/canal7slp.tv\/2026\/wp-json\/wp\/v2\/posts\/183634\/revisions"}],"predecessor-version":[{"id":183636,"href":"https:\/\/canal7slp.tv\/2026\/wp-json\/wp\/v2\/posts\/183634\/revisions\/183636"}],"wp:featuredmedia":[{"embeddable":true,"href":"https:\/\/canal7slp.tv\/2026\/wp-json\/wp\/v2\/media\/183635"}],"wp:attachment":[{"href":"https:\/\/canal7slp.tv\/2026\/wp-json\/wp\/v2\/media?parent=183634"}],"wp:term":[{"taxonomy":"category","embeddable":true,"href":"https:\/\/canal7slp.tv\/2026\/wp-json\/wp\/v2\/categories?post=183634"},{"taxonomy":"post_tag","embeddable":true,"href":"https:\/\/canal7slp.tv\/2026\/wp-json\/wp\/v2\/tags?post=183634"}],"curies":[{"name":"wp","href":"https:\/\/api.w.org\/{rel}","templated":true}]}}