{"id":183581,"date":"2025-10-30T19:49:14","date_gmt":"2025-10-31T01:49:14","guid":{"rendered":"https:\/\/canal7slp.tv\/2026\/?p=183581"},"modified":"2025-10-30T19:49:14","modified_gmt":"2025-10-31T01:49:14","slug":"necesario-cambiar-la-vision-hacia-las-personas-con-discapacidad-afirma-especialista","status":"publish","type":"post","link":"https:\/\/canal7slp.tv\/2026\/necesario-cambiar-la-vision-hacia-las-personas-con-discapacidad-afirma-especialista\/","title":{"rendered":"Necesario cambiar la visi\u00f3n hacia las personas con discapacidad, afirma especialista"},"content":{"rendered":"<p style=\"text-align: justify;\"><span style=\"font-size: 1.21429rem;\">SLP.- En el marco del Simposium de Abordajes Interdisciplinarios en Discapacidad uno de los ponentes, Ram\u00f3n Garc\u00eda Ortiz, particip\u00f3 con el tema \u201cIntersecciones Rurales e Ind\u00edgenas del Modelo de la Discapacidad\u201d.<\/span><\/p>\n<p style=\"text-align: justify;\">Afirm\u00f3 que cuando se habla de discapacidad en comunidades ind\u00edgenas \u00e9sta se entiende de otro manera porque en \u00e9ste \u00e1mbito, no se dan los derechos como la accesibilidad y tener int\u00e9rpretes en lengua de se\u00f1as, adem\u00e1s de que el Sistema Braille no aplica.<\/p>\n<p style=\"text-align: justify;\">En este tema, se pronunci\u00f3 por un cambio en los programas de desarrollo para este sector as\u00ed como una modificaci\u00f3n en las leyes siempre y cuando, dijo, se cumplan las consultas ciudadanas que en esta materia exige la ley.<\/p>\n<p style=\"text-align: justify;\">En este contexto, el ponente Ram\u00f3n Garc\u00eda Ortiz se pronunci\u00f3 tambi\u00e9n porque desde la sociedad se cambie la percepci\u00f3n hacia la personas con discapacidad, y que no se entienda como una \u201cenfermedad\u201d \u00f3 situaci\u00f3n en que la persona necesita ser \u201ccurada\u201d \u00f3 \u201crehabilitada\u201d para que se adapte a la sociedad.<\/p>\n<p>Por: Claudio Ibarra<\/p>\n","protected":false},"excerpt":{"rendered":"<p>SLP.- En el marco del Simposium de Abordajes Interdisciplinarios en Discapacidad uno de los ponentes, Ram\u00f3n Garc\u00eda Ortiz, particip\u00f3 con el tema \u201cIntersecciones Rurales e Ind\u00edgenas del Modelo de la Discapacidad\u201d. Afirm\u00f3 que cuando se habla de discapacidad en comunidades ind\u00edgenas \u00e9sta se entiende de otro manera porque en \u00e9ste \u00e1mbito, no se dan los derechos como la accesibilidad y tener int\u00e9rpretes en lengua de se\u00f1as, adem\u00e1s de que el Sistema Braille no aplica. En este tema, se pronunci\u00f3 por un cambio en los programas de desarrollo para este sector as\u00ed como una modificaci\u00f3n en las leyes siempre y cuando, [&hellip;]<\/p>\n","protected":false},"author":2,"featured_media":183599,"comment_status":"closed","ping_status":"closed","sticky":false,"template":"","format":"video","meta":{"_monsterinsights_skip_tracking":false,"_monsterinsights_sitenote_active":false,"_monsterinsights_sitenote_note":"","_monsterinsights_sitenote_category":0,"footnotes":""},"categories":[5,45],"tags":[],"class_list":["post-183581","post","type-post","status-publish","format-video","has-post-thumbnail","hentry","category-destacadas","category-localesyregionales","post_format-post-format-video","post--single"],"_links":{"self":[{"href":"https:\/\/canal7slp.tv\/2026\/wp-json\/wp\/v2\/posts\/183581","targetHints":{"allow":["GET"]}}],"collection":[{"href":"https:\/\/canal7slp.tv\/2026\/wp-json\/wp\/v2\/posts"}],"about":[{"href":"https:\/\/canal7slp.tv\/2026\/wp-json\/wp\/v2\/types\/post"}],"author":[{"embeddable":true,"href":"https:\/\/canal7slp.tv\/2026\/wp-json\/wp\/v2\/users\/2"}],"replies":[{"embeddable":true,"href":"https:\/\/canal7slp.tv\/2026\/wp-json\/wp\/v2\/comments?post=183581"}],"version-history":[{"count":2,"href":"https:\/\/canal7slp.tv\/2026\/wp-json\/wp\/v2\/posts\/183581\/revisions"}],"predecessor-version":[{"id":183600,"href":"https:\/\/canal7slp.tv\/2026\/wp-json\/wp\/v2\/posts\/183581\/revisions\/183600"}],"wp:featuredmedia":[{"embeddable":true,"href":"https:\/\/canal7slp.tv\/2026\/wp-json\/wp\/v2\/media\/183599"}],"wp:attachment":[{"href":"https:\/\/canal7slp.tv\/2026\/wp-json\/wp\/v2\/media?parent=183581"}],"wp:term":[{"taxonomy":"category","embeddable":true,"href":"https:\/\/canal7slp.tv\/2026\/wp-json\/wp\/v2\/categories?post=183581"},{"taxonomy":"post_tag","embeddable":true,"href":"https:\/\/canal7slp.tv\/2026\/wp-json\/wp\/v2\/tags?post=183581"}],"curies":[{"name":"wp","href":"https:\/\/api.w.org\/{rel}","templated":true}]}}