{"id":183580,"date":"2025-10-30T19:53:22","date_gmt":"2025-10-31T01:53:22","guid":{"rendered":"https:\/\/canal7slp.tv\/2026\/?p=183580"},"modified":"2025-10-30T20:09:35","modified_gmt":"2025-10-31T02:09:35","slug":"se-lleva-a-cabo-el-simposio-de-abordajes-interdisciplinarios-en-discapacidad","status":"publish","type":"post","link":"https:\/\/canal7slp.tv\/2026\/se-lleva-a-cabo-el-simposio-de-abordajes-interdisciplinarios-en-discapacidad\/","title":{"rendered":"Se lleva a cabo el Simposio de Abordajes Interdisciplinarios en Discapacidad"},"content":{"rendered":"<p style=\"text-align: justify;\"><span style=\"font-size: 1.21429rem;\">SLP.- Con la participaci\u00f3n de ponentes de diversos estados se llev\u00f3 a cabo el Simposium de Abordajes Interdisciplinarios en Discapacidad, con la participaci\u00f3n de la direcci\u00f3n de Atenci\u00f3n a la Juventud y de Turismo del municipio capitalino.<br \/>\n<\/span><\/p>\n<p style=\"text-align: justify;\">El objetivo es el de conjuntar diferentes disciplinas que ayuden a visualizar lo referente a la discapacidad en todos sus niveles, y mostrar la realidad sobre este tema.<\/p>\n<p style=\"text-align: justify;\">Este simposium se llevar\u00e1 a cabo los d\u00edas 30 y 31 de Octubre en el Museo Federico Silva en donde desde una perspectiva acad\u00e9mica se hablara en temas de discapacidad, sexualidad, educaci\u00f3n, familia y maternidad.<\/p>\n<p style=\"text-align: justify;\">En este simposium participan ponentes de Toluca, Estado de M\u00e9xico y Le\u00f3n asi como fisioterapeutas y especialistas en temas de discapacidad.<\/p>\n<p style=\"text-align: justify;\">Por: Claudio Ibarra<\/p>\n","protected":false},"excerpt":{"rendered":"<p>SLP.- Con la participaci\u00f3n de ponentes de diversos estados se llev\u00f3 a cabo el Simposium de Abordajes Interdisciplinarios en Discapacidad, con la participaci\u00f3n de la direcci\u00f3n de Atenci\u00f3n a la Juventud y de Turismo del municipio capitalino. El objetivo es el de conjuntar diferentes disciplinas que ayuden a visualizar lo referente a la discapacidad en todos sus niveles, y mostrar la realidad sobre este tema. Este simposium se llevar\u00e1 a cabo los d\u00edas 30 y 31 de Octubre en el Museo Federico Silva en donde desde una perspectiva acad\u00e9mica se hablara en temas de discapacidad, sexualidad, educaci\u00f3n, familia y maternidad. [&hellip;]<\/p>\n","protected":false},"author":2,"featured_media":183602,"comment_status":"closed","ping_status":"closed","sticky":false,"template":"","format":"video","meta":{"_monsterinsights_skip_tracking":false,"_monsterinsights_sitenote_active":false,"_monsterinsights_sitenote_note":"","_monsterinsights_sitenote_category":0,"footnotes":""},"categories":[5,45],"tags":[],"class_list":["post-183580","post","type-post","status-publish","format-video","has-post-thumbnail","hentry","category-destacadas","category-localesyregionales","post_format-post-format-video","post--single"],"_links":{"self":[{"href":"https:\/\/canal7slp.tv\/2026\/wp-json\/wp\/v2\/posts\/183580","targetHints":{"allow":["GET"]}}],"collection":[{"href":"https:\/\/canal7slp.tv\/2026\/wp-json\/wp\/v2\/posts"}],"about":[{"href":"https:\/\/canal7slp.tv\/2026\/wp-json\/wp\/v2\/types\/post"}],"author":[{"embeddable":true,"href":"https:\/\/canal7slp.tv\/2026\/wp-json\/wp\/v2\/users\/2"}],"replies":[{"embeddable":true,"href":"https:\/\/canal7slp.tv\/2026\/wp-json\/wp\/v2\/comments?post=183580"}],"version-history":[{"count":4,"href":"https:\/\/canal7slp.tv\/2026\/wp-json\/wp\/v2\/posts\/183580\/revisions"}],"predecessor-version":[{"id":183608,"href":"https:\/\/canal7slp.tv\/2026\/wp-json\/wp\/v2\/posts\/183580\/revisions\/183608"}],"wp:featuredmedia":[{"embeddable":true,"href":"https:\/\/canal7slp.tv\/2026\/wp-json\/wp\/v2\/media\/183602"}],"wp:attachment":[{"href":"https:\/\/canal7slp.tv\/2026\/wp-json\/wp\/v2\/media?parent=183580"}],"wp:term":[{"taxonomy":"category","embeddable":true,"href":"https:\/\/canal7slp.tv\/2026\/wp-json\/wp\/v2\/categories?post=183580"},{"taxonomy":"post_tag","embeddable":true,"href":"https:\/\/canal7slp.tv\/2026\/wp-json\/wp\/v2\/tags?post=183580"}],"curies":[{"name":"wp","href":"https:\/\/api.w.org\/{rel}","templated":true}]}}