{"id":183572,"date":"2025-10-30T18:22:50","date_gmt":"2025-10-31T00:22:50","guid":{"rendered":"https:\/\/canal7slp.tv\/2026\/?p=183572"},"modified":"2025-10-30T18:22:50","modified_gmt":"2025-10-31T00:22:50","slug":"las-personas-con-discapacidad-en-muchas-de-las-ocasiones-son-aisladas-por-el-entorno","status":"publish","type":"post","link":"https:\/\/canal7slp.tv\/2026\/las-personas-con-discapacidad-en-muchas-de-las-ocasiones-son-aisladas-por-el-entorno\/","title":{"rendered":"Las personas con discapacidad en muchas de las ocasiones son aisladas por el entorno"},"content":{"rendered":"<p style=\"text-align: justify;\">SLP.- La sociedad tiene un impacto muchas veces negativo en el desarrollo de las personas con discapacidad pues en ocasiones se minimizan las capacidades de este sector de la poblaci\u00f3n, argument\u00f3 la conferencista Evelyn Soledad Cerro Doroteo.<\/p>\n<p style=\"text-align: justify;\">\u201cA veces por ejemplo hay barreras, hay estigmas, hay prejuicios sobre las personas con discapacidad, ya sea motriz, visual, auditiva\u201d.<\/p>\n<p style=\"text-align: justify;\">A la fecha el enfoque con el que se trata a personas con discapacidad ha cambiado.<\/p>\n<p style=\"text-align: justify;\">\u201cActualmente es un enfoque tambi\u00e9n social ya que en los a\u00f1os anteriores una persona con discapacidad se quedaba en casa, eran excluidas y pues cuando sal\u00edan a la sociedad, bueno actualmente todav\u00eda nos encontramos con muchas barreras, accesibilidad, prejuicios entre otras\u201d.<\/p>\n<p style=\"text-align: justify;\">Lament\u00f3 que las personas con discapacidad sean minimizadas.<\/p>\n<p style=\"text-align: justify;\">\u201c\u00bfQu\u00e9 es lo que vemos bien en la sociedad?, una persona sana; \u00bfqu\u00e9 es lo que excluimos? Una persona con capacidades diferentes, entonces para la sociedad ver una persona que puede caminar, correr hacer todo eso es una persona relativamente sana, cuando ya nos encontramos una persona que tiene una discapacidad ah\u00ed ya empezamos a hacerlo de menos, excluirlo en las actividades\u201d.<\/p>\n<p style=\"text-align: justify;\">Los programas que buscan inclusi\u00f3n, no son suficientes.<\/p>\n<p style=\"text-align: justify;\">\u201cDe nada nos sirve que solo est\u00e9n por estar ah\u00ed los ni\u00f1os, si no los incluyen realmente en las actividades, en alg\u00fan bailable, en alg\u00fan tipo de exposici\u00f3n o etc\u00e9tera\u201d.<\/p>\n<p style=\"text-align: justify;\">Pidi\u00f3 a la poblaci\u00f3n fomentar el piso parejo y evitar minimizar la vida de las personas con discapacidad o alguna condici\u00f3n.<\/p>\n<p>Por: Juan Carlos Contreras<\/p>\n","protected":false},"excerpt":{"rendered":"<p>SLP.- La sociedad tiene un impacto muchas veces negativo en el desarrollo de las personas con discapacidad pues en ocasiones se minimizan las capacidades de este sector de la poblaci\u00f3n, argument\u00f3 la conferencista Evelyn Soledad Cerro Doroteo. \u201cA veces por ejemplo hay barreras, hay estigmas, hay prejuicios sobre las personas con discapacidad, ya sea motriz, visual, auditiva\u201d. A la fecha el enfoque con el que se trata a personas con discapacidad ha cambiado. \u201cActualmente es un enfoque tambi\u00e9n social ya que en los a\u00f1os anteriores una persona con discapacidad se quedaba en casa, eran excluidas y pues cuando sal\u00edan a [&hellip;]<\/p>\n","protected":false},"author":2,"featured_media":183589,"comment_status":"closed","ping_status":"closed","sticky":false,"template":"","format":"video","meta":{"_monsterinsights_skip_tracking":false,"_monsterinsights_sitenote_active":false,"_monsterinsights_sitenote_note":"","_monsterinsights_sitenote_category":0,"footnotes":""},"categories":[5,45],"tags":[],"class_list":["post-183572","post","type-post","status-publish","format-video","has-post-thumbnail","hentry","category-destacadas","category-localesyregionales","post_format-post-format-video","post--single"],"_links":{"self":[{"href":"https:\/\/canal7slp.tv\/2026\/wp-json\/wp\/v2\/posts\/183572","targetHints":{"allow":["GET"]}}],"collection":[{"href":"https:\/\/canal7slp.tv\/2026\/wp-json\/wp\/v2\/posts"}],"about":[{"href":"https:\/\/canal7slp.tv\/2026\/wp-json\/wp\/v2\/types\/post"}],"author":[{"embeddable":true,"href":"https:\/\/canal7slp.tv\/2026\/wp-json\/wp\/v2\/users\/2"}],"replies":[{"embeddable":true,"href":"https:\/\/canal7slp.tv\/2026\/wp-json\/wp\/v2\/comments?post=183572"}],"version-history":[{"count":2,"href":"https:\/\/canal7slp.tv\/2026\/wp-json\/wp\/v2\/posts\/183572\/revisions"}],"predecessor-version":[{"id":183590,"href":"https:\/\/canal7slp.tv\/2026\/wp-json\/wp\/v2\/posts\/183572\/revisions\/183590"}],"wp:featuredmedia":[{"embeddable":true,"href":"https:\/\/canal7slp.tv\/2026\/wp-json\/wp\/v2\/media\/183589"}],"wp:attachment":[{"href":"https:\/\/canal7slp.tv\/2026\/wp-json\/wp\/v2\/media?parent=183572"}],"wp:term":[{"taxonomy":"category","embeddable":true,"href":"https:\/\/canal7slp.tv\/2026\/wp-json\/wp\/v2\/categories?post=183572"},{"taxonomy":"post_tag","embeddable":true,"href":"https:\/\/canal7slp.tv\/2026\/wp-json\/wp\/v2\/tags?post=183572"}],"curies":[{"name":"wp","href":"https:\/\/api.w.org\/{rel}","templated":true}]}}