{"id":183566,"date":"2025-10-30T22:16:16","date_gmt":"2025-10-31T04:16:16","guid":{"rendered":"https:\/\/canal7slp.tv\/2026\/?p=183566"},"modified":"2025-10-30T22:16:16","modified_gmt":"2025-10-31T04:16:16","slug":"aprueba-ceepac-ajuste-millonario-para-fortalecer-la-cultura-civica-y-perspectiva-de-genero-en-slp","status":"publish","type":"post","link":"https:\/\/canal7slp.tv\/2026\/aprueba-ceepac-ajuste-millonario-para-fortalecer-la-cultura-civica-y-perspectiva-de-genero-en-slp\/","title":{"rendered":"Aprueba CEEPAC ajuste millonario para fortalecer la cultura c\u00edvica y perspectiva de g\u00e9nero en SLP"},"content":{"rendered":"<p style=\"text-align: justify;\"><span style=\"font-size: 1.21429rem;\">SLP.- El Consejo Estatal Electoral y de Participaci\u00f3n Ciudadana (CEEPAC) llev\u00f3 a cabo su cuadrag\u00e9sima tercera sesi\u00f3n ordinaria, en la cual aprob\u00f3 una adecuaci\u00f3n presupuestal al fondo destinado al fortalecimiento de la cultura c\u00edvica dirigida a j\u00f3venes, con perspectiva de g\u00e9nero, interculturalidad y participaci\u00f3n ciudadana.<\/span><\/p>\n<p style=\"text-align: justify;\">El acuerdo se enmarca bajo un enfoque de derechos humanos y contempla tambi\u00e9n la capacitaci\u00f3n y formaci\u00f3n permanente del personal que integra la estructura org\u00e1nica del organismo. El punto fue presentado por la consejera Carla Patricia Sol\u00eds Dibildox.<\/p>\n<p style=\"text-align: justify;\">\u201cSe atendieron con la debida pertinencia institucional que emite la Comisi\u00f3n Permanente de Capacitaci\u00f3n Electoral, Educaci\u00f3n C\u00edvica y Cultura Pol\u00edtica, 24 solicitudes presentadas por personal del organismo para llevar a cabo actividades propias de las \u00e1reas y de las consejer\u00edas en temas como refiere el propio acuerdo\u201d, mencion\u00f3.<\/p>\n<p style=\"text-align: justify;\">De acuerdo con la consejera, la adecuaci\u00f3n presupuestal permitir\u00e1 realizar actividades orientadas a temas de educaci\u00f3n c\u00edvica, g\u00e9nero, interculturalidad, derechos humanos, participaci\u00f3n ciudadana, administraci\u00f3n p\u00fablica, medios digitales, gesti\u00f3n documental y planeaci\u00f3n.<\/p>\n<p style=\"text-align: justify;\">El fondo contaba originalmente con 1 mill\u00f3n 537 mil 408.19 pesos, pero con la aprobaci\u00f3n del ajuste ascender\u00e1 a 4 millones 943 mil 725 pesos.<\/p>\n<p style=\"text-align: justify;\">\u201cToda vez que existe la disponibilidad de recurso en la cuenta bancaria correspondiente, se estima necesario dotar de recursos financieros a los programas previstos en el art\u00edculo 42 de la Ley Electoral del Estado para el ejercicio 2025\u201d, dijo.<\/p>\n<p style=\"text-align: justify;\">En ese sentido, explic\u00f3 que se realizar\u00e1n transferencias y adecuaciones entre los cap\u00edtulos 2000 y 3000, con el fin de dotar de suficiencia presupuestal a las partidas que lo requieran, sin modificar el monto total autorizado.<\/p>\n<p style=\"text-align: justify;\">\u201cQuedando en el cap\u00edtulo 2000 en la tercera adecuaci\u00f3n presupuestal la cantidad de 103 mil 500; en el cap\u00edtulo 3000, una cantidad de 4 millones 818 mil 225; y en el cap\u00edtulo 4000, 22 mil pesos. Dando un total del presupuesto del fondo del art\u00edculo 42 de 4 millones 943 mil 725\u201d, detall\u00f3.<\/p>\n<p style=\"text-align: justify;\">Entre los resolutivos aprobados destaca la instrucci\u00f3n a la Secretar\u00eda Ejecutiva para notificar el acuerdo a la Secretar\u00eda de Finanzas del Gobierno del Estado, as\u00ed como la presentaci\u00f3n de un informe ante el Consejo General sobre el desarrollo de las actividades previstas en los dict\u00e1menes de pertinencia aprobados y relacionadas con esta adecuaci\u00f3n presupuestal.<\/p>\n<p>Por: Jos\u00e9 Luis V\u00e1zquez<\/p>\n","protected":false},"excerpt":{"rendered":"<p>SLP.- El Consejo Estatal Electoral y de Participaci\u00f3n Ciudadana (CEEPAC) llev\u00f3 a cabo su cuadrag\u00e9sima tercera sesi\u00f3n ordinaria, en la cual aprob\u00f3 una adecuaci\u00f3n presupuestal al fondo destinado al fortalecimiento de la cultura c\u00edvica dirigida a j\u00f3venes, con perspectiva de g\u00e9nero, interculturalidad y participaci\u00f3n ciudadana. El acuerdo se enmarca bajo un enfoque de derechos humanos y contempla tambi\u00e9n la capacitaci\u00f3n y formaci\u00f3n permanente del personal que integra la estructura org\u00e1nica del organismo. El punto fue presentado por la consejera Carla Patricia Sol\u00eds Dibildox. \u201cSe atendieron con la debida pertinencia institucional que emite la Comisi\u00f3n Permanente de Capacitaci\u00f3n Electoral, Educaci\u00f3n C\u00edvica [&hellip;]<\/p>\n","protected":false},"author":2,"featured_media":183614,"comment_status":"closed","ping_status":"closed","sticky":false,"template":"","format":"video","meta":{"_monsterinsights_skip_tracking":false,"_monsterinsights_sitenote_active":false,"_monsterinsights_sitenote_note":"","_monsterinsights_sitenote_category":0,"footnotes":""},"categories":[5,45],"tags":[],"class_list":["post-183566","post","type-post","status-publish","format-video","has-post-thumbnail","hentry","category-destacadas","category-localesyregionales","post_format-post-format-video","post--single"],"_links":{"self":[{"href":"https:\/\/canal7slp.tv\/2026\/wp-json\/wp\/v2\/posts\/183566","targetHints":{"allow":["GET"]}}],"collection":[{"href":"https:\/\/canal7slp.tv\/2026\/wp-json\/wp\/v2\/posts"}],"about":[{"href":"https:\/\/canal7slp.tv\/2026\/wp-json\/wp\/v2\/types\/post"}],"author":[{"embeddable":true,"href":"https:\/\/canal7slp.tv\/2026\/wp-json\/wp\/v2\/users\/2"}],"replies":[{"embeddable":true,"href":"https:\/\/canal7slp.tv\/2026\/wp-json\/wp\/v2\/comments?post=183566"}],"version-history":[{"count":2,"href":"https:\/\/canal7slp.tv\/2026\/wp-json\/wp\/v2\/posts\/183566\/revisions"}],"predecessor-version":[{"id":183615,"href":"https:\/\/canal7slp.tv\/2026\/wp-json\/wp\/v2\/posts\/183566\/revisions\/183615"}],"wp:featuredmedia":[{"embeddable":true,"href":"https:\/\/canal7slp.tv\/2026\/wp-json\/wp\/v2\/media\/183614"}],"wp:attachment":[{"href":"https:\/\/canal7slp.tv\/2026\/wp-json\/wp\/v2\/media?parent=183566"}],"wp:term":[{"taxonomy":"category","embeddable":true,"href":"https:\/\/canal7slp.tv\/2026\/wp-json\/wp\/v2\/categories?post=183566"},{"taxonomy":"post_tag","embeddable":true,"href":"https:\/\/canal7slp.tv\/2026\/wp-json\/wp\/v2\/tags?post=183566"}],"curies":[{"name":"wp","href":"https:\/\/api.w.org\/{rel}","templated":true}]}}