{"id":183546,"date":"2025-10-30T16:10:13","date_gmt":"2025-10-30T22:10:13","guid":{"rendered":"https:\/\/canal7slp.tv\/2026\/?p=183546"},"modified":"2025-10-30T16:10:13","modified_gmt":"2025-10-30T22:10:13","slug":"presidencia-se-reunira-con-aerolineas-para-definir-respuesta-ante-restricciones-de-eua","status":"publish","type":"post","link":"https:\/\/canal7slp.tv\/2026\/presidencia-se-reunira-con-aerolineas-para-definir-respuesta-ante-restricciones-de-eua\/","title":{"rendered":"Presidencia se reunir\u00e1 con aerol\u00edneas para definir respuesta ante restricciones de EUA"},"content":{"rendered":"<p style=\"text-align: justify;\">M\u00e9xico.- La presidenta de M\u00e9xico, Claudia Sheinbaum, inform\u00f3 que este viernes 31 de octubre sostendr\u00e1 una reuni\u00f3n con representantes de Aerom\u00e9xico, Volaris y Viva Aerobus, con el objetivo de establecer una estrategia conjunta frente a las restricciones impuestas por el Departamento de Transporte de Estados Unidos (DOT), que incluyen la cancelaci\u00f3n de 13 rutas a\u00e9reas desde M\u00e9xico hacia ese pa\u00eds.<\/p>\n<p style=\"text-align: justify;\">Durante su conferencia matutina, la mandataria calific\u00f3 la medida estadounidense como \u201cunilateral\u201d y anunci\u00f3 que instruy\u00f3 al canciller Juan Ram\u00f3n de la Fuente para solicitar una reuni\u00f3n urgente con las autoridades de Estados Unidos a fin de revisar el tema.<\/p>\n<p style=\"text-align: justify;\">Sheinbaum tambi\u00e9n inform\u00f3 que pidi\u00f3 a la Comisi\u00f3n Federal de Competencia Econ\u00f3mica (Cofece) elaborar un an\u00e1lisis sobre los posibles efectos que esta decisi\u00f3n podr\u00eda tener en la competencia del sector a\u00e9reo mexicano.<\/p>\n<p style=\"text-align: justify;\">Las disposiciones del gobierno estadounidense est\u00e1n relacionadas con el traslado de operaciones de carga al Aeropuerto Internacional Felipe \u00c1ngeles (AIFA) y la distribuci\u00f3n de horarios en el Aeropuerto Internacional de la Ciudad de M\u00e9xico (AICM).<\/p>\n<p style=\"text-align: justify;\">Entre las rutas afectadas se encuentran los vuelos de Aerom\u00e9xico desde el AIFA a Houston y McAllen, y desde el AICM a San Juan, as\u00ed como los de Volaris desde el AIFA a Newark.<\/p>\n","protected":false},"excerpt":{"rendered":"<p>M\u00e9xico.- La presidenta de M\u00e9xico, Claudia Sheinbaum, inform\u00f3 que este viernes 31 de octubre sostendr\u00e1 una reuni\u00f3n con representantes de Aerom\u00e9xico, Volaris y Viva Aerobus, con el objetivo de establecer una estrategia conjunta frente a las restricciones impuestas por el Departamento de Transporte de Estados Unidos (DOT), que incluyen la cancelaci\u00f3n de 13 rutas a\u00e9reas desde M\u00e9xico hacia ese pa\u00eds. Durante su conferencia matutina, la mandataria calific\u00f3 la medida estadounidense como \u201cunilateral\u201d y anunci\u00f3 que instruy\u00f3 al canciller Juan Ram\u00f3n de la Fuente para solicitar una reuni\u00f3n urgente con las autoridades de Estados Unidos a fin de revisar el tema. [&hellip;]<\/p>\n","protected":false},"author":2,"featured_media":183547,"comment_status":"closed","ping_status":"closed","sticky":false,"template":"","format":"standard","meta":{"_monsterinsights_skip_tracking":false,"_monsterinsights_sitenote_active":false,"_monsterinsights_sitenote_note":"","_monsterinsights_sitenote_category":0,"footnotes":""},"categories":[46],"tags":[],"class_list":["post-183546","post","type-post","status-publish","format-standard","has-post-thumbnail","hentry","category-nacional","post--single"],"_links":{"self":[{"href":"https:\/\/canal7slp.tv\/2026\/wp-json\/wp\/v2\/posts\/183546","targetHints":{"allow":["GET"]}}],"collection":[{"href":"https:\/\/canal7slp.tv\/2026\/wp-json\/wp\/v2\/posts"}],"about":[{"href":"https:\/\/canal7slp.tv\/2026\/wp-json\/wp\/v2\/types\/post"}],"author":[{"embeddable":true,"href":"https:\/\/canal7slp.tv\/2026\/wp-json\/wp\/v2\/users\/2"}],"replies":[{"embeddable":true,"href":"https:\/\/canal7slp.tv\/2026\/wp-json\/wp\/v2\/comments?post=183546"}],"version-history":[{"count":1,"href":"https:\/\/canal7slp.tv\/2026\/wp-json\/wp\/v2\/posts\/183546\/revisions"}],"predecessor-version":[{"id":183548,"href":"https:\/\/canal7slp.tv\/2026\/wp-json\/wp\/v2\/posts\/183546\/revisions\/183548"}],"wp:featuredmedia":[{"embeddable":true,"href":"https:\/\/canal7slp.tv\/2026\/wp-json\/wp\/v2\/media\/183547"}],"wp:attachment":[{"href":"https:\/\/canal7slp.tv\/2026\/wp-json\/wp\/v2\/media?parent=183546"}],"wp:term":[{"taxonomy":"category","embeddable":true,"href":"https:\/\/canal7slp.tv\/2026\/wp-json\/wp\/v2\/categories?post=183546"},{"taxonomy":"post_tag","embeddable":true,"href":"https:\/\/canal7slp.tv\/2026\/wp-json\/wp\/v2\/tags?post=183546"}],"curies":[{"name":"wp","href":"https:\/\/api.w.org\/{rel}","templated":true}]}}