{"id":183521,"date":"2025-10-30T14:00:28","date_gmt":"2025-10-30T20:00:28","guid":{"rendered":"https:\/\/canal7slp.tv\/2026\/?p=183521"},"modified":"2025-10-30T14:00:28","modified_gmt":"2025-10-30T20:00:28","slug":"federacion-reforzara-verificacion-del-registro-nacional-de-profesionistas-por-casos-de-cedulas-falsas","status":"publish","type":"post","link":"https:\/\/canal7slp.tv\/2026\/federacion-reforzara-verificacion-del-registro-nacional-de-profesionistas-por-casos-de-cedulas-falsas\/","title":{"rendered":"Federaci\u00f3n reforzar\u00e1 verificaci\u00f3n del Registro Nacional de Profesionistas por casos de c\u00e9dulas falsas"},"content":{"rendered":"<p style=\"text-align: justify;\">M\u00e9xico.- La presidenta Claudia Sheinbaum anunci\u00f3 este jueves que el gobierno federal fortalecer\u00e1 los mecanismos de verificaci\u00f3n del Registro Nacional de Profesionistas, luego de detectarse el uso de c\u00e9dulas profesionales falsas para realizar tr\u00e1mites ante el Servicio de Administraci\u00f3n Tributaria (SAT).<\/p>\n<p style=\"text-align: justify;\">Durante su conferencia matutina, Sheinbaum explic\u00f3 que el SAT identific\u00f3 y elimin\u00f3 registros en los que se emplearon nombres de personas reconocidas con fotograf\u00edas distintas.<\/p>\n<p style=\"text-align: justify;\">Ante ello, se implementar\u00e1n medidas para reforzar la seguridad digital de la c\u00e9dula profesional, la cual funciona como un documento oficial de identificaci\u00f3n.<\/p>\n<p style=\"text-align: justify;\">La mandataria se\u00f1al\u00f3 que se establecer\u00e1n mecanismos de verificaci\u00f3n similares a los del Instituto Nacional Electoral (INE), mediante convenios interinstitucionales que permitan confirmar la autenticidad de los datos y la correspondencia de las im\u00e1genes.<\/p>\n","protected":false},"excerpt":{"rendered":"<p>M\u00e9xico.- La presidenta Claudia Sheinbaum anunci\u00f3 este jueves que el gobierno federal fortalecer\u00e1 los mecanismos de verificaci\u00f3n del Registro Nacional de Profesionistas, luego de detectarse el uso de c\u00e9dulas profesionales falsas para realizar tr\u00e1mites ante el Servicio de Administraci\u00f3n Tributaria (SAT). Durante su conferencia matutina, Sheinbaum explic\u00f3 que el SAT identific\u00f3 y elimin\u00f3 registros en los que se emplearon nombres de personas reconocidas con fotograf\u00edas distintas. Ante ello, se implementar\u00e1n medidas para reforzar la seguridad digital de la c\u00e9dula profesional, la cual funciona como un documento oficial de identificaci\u00f3n. La mandataria se\u00f1al\u00f3 que se establecer\u00e1n mecanismos de verificaci\u00f3n similares a [&hellip;]<\/p>\n","protected":false},"author":2,"featured_media":183522,"comment_status":"closed","ping_status":"closed","sticky":false,"template":"","format":"standard","meta":{"_monsterinsights_skip_tracking":false,"_monsterinsights_sitenote_active":false,"_monsterinsights_sitenote_note":"","_monsterinsights_sitenote_category":0,"footnotes":""},"categories":[46],"tags":[],"class_list":["post-183521","post","type-post","status-publish","format-standard","has-post-thumbnail","hentry","category-nacional","post--single"],"_links":{"self":[{"href":"https:\/\/canal7slp.tv\/2026\/wp-json\/wp\/v2\/posts\/183521","targetHints":{"allow":["GET"]}}],"collection":[{"href":"https:\/\/canal7slp.tv\/2026\/wp-json\/wp\/v2\/posts"}],"about":[{"href":"https:\/\/canal7slp.tv\/2026\/wp-json\/wp\/v2\/types\/post"}],"author":[{"embeddable":true,"href":"https:\/\/canal7slp.tv\/2026\/wp-json\/wp\/v2\/users\/2"}],"replies":[{"embeddable":true,"href":"https:\/\/canal7slp.tv\/2026\/wp-json\/wp\/v2\/comments?post=183521"}],"version-history":[{"count":1,"href":"https:\/\/canal7slp.tv\/2026\/wp-json\/wp\/v2\/posts\/183521\/revisions"}],"predecessor-version":[{"id":183523,"href":"https:\/\/canal7slp.tv\/2026\/wp-json\/wp\/v2\/posts\/183521\/revisions\/183523"}],"wp:featuredmedia":[{"embeddable":true,"href":"https:\/\/canal7slp.tv\/2026\/wp-json\/wp\/v2\/media\/183522"}],"wp:attachment":[{"href":"https:\/\/canal7slp.tv\/2026\/wp-json\/wp\/v2\/media?parent=183521"}],"wp:term":[{"taxonomy":"category","embeddable":true,"href":"https:\/\/canal7slp.tv\/2026\/wp-json\/wp\/v2\/categories?post=183521"},{"taxonomy":"post_tag","embeddable":true,"href":"https:\/\/canal7slp.tv\/2026\/wp-json\/wp\/v2\/tags?post=183521"}],"curies":[{"name":"wp","href":"https:\/\/api.w.org\/{rel}","templated":true}]}}